{"id":3564,"date":"2022-01-21T02:01:19","date_gmt":"2022-01-21T01:01:19","guid":{"rendered":"https:\/\/frontex-referendum.ch\/2022\/01\/21\/oltre-62-000-firme-raccolte-contro-frontex\/"},"modified":"2022-01-21T02:03:06","modified_gmt":"2022-01-21T01:03:06","slug":"oltre-62-000-firme-raccolte-contro-frontex","status":"publish","type":"post","link":"https:\/\/frontex-referendum.ch\/it\/2022\/01\/21\/oltre-62-000-firme-raccolte-contro-frontex\/","title":{"rendered":"Oltre 62.000 firme raccolte contro Frontex"},"content":{"rendered":"\n<div class=\"wp-block-group af-article-head\"><div class=\"wp-block-group__inner-container is-layout-flow wp-block-group-is-layout-flow\">\n<h1 class=\"wp-block-heading\">Oltre 62.000 firme raccolte contro Frontex<\/h1>\n\n\n\n<p class=\"has-medium-font-size\">Nonostante la distanza sociale legata alla pandemia, il freddo invernale e i venti contrari politici, ce l\u2019abbiamo fatta: Ben oltre 62.000 firme sono state raccolte per il \u00abReferendum contro il finanziamento dell\u2019agenzia europea della guardia di frontiera e costiera Frontex\u00bb. Un successo di solidariet\u00e0, reso possibile dagli sforzi delle organizzazioni e dalle persone individuali. Tanta gente non vuole pi\u00f9 accettare questa politica di migrazione violenta. Gioved\u00ec, le firme saranno consegnate alla Cancelleria federale a Berna.<\/p>\n<\/div><\/div>\n\n\n\n<div class=\"wp-block-group af-article-body\"><div class=\"wp-block-group__inner-container is-layout-flow wp-block-group-is-layout-flow\"><div class=\"wp-block-post-date\"><time datetime=\"2022-01-21T02:01:19+01:00\">21. Gennaio 2022<\/time><\/div>\n\n\n<p>\u00abChiunque sia seriamente intenzionato a proteggere i rifugiati non deve accettare l&#8217;espansione di Frontex. Quando i rifugiati annegano nel Mediterraneo, anche se sono attentamente monitorati, non si tratta di un incidente, ma di un omicidio\u00bb, dice Malek Ossi di Watch the Med Alarmphone Svizzera.<\/p>\n\n\n\n<h2 class=\"wp-block-heading\">NoFrontex: iniziato dal Migrant Solidarity Network e sostenuto da 70 organizzazioni<\/h2>\n\n\n\n<p>Le firme del referendum sono state raccolte in condizioni difficili: La pandemia di Coronavirus era alle porte, il freddo invernale teneva la gente lontana dagli spazi pubblici e le organizzazioni di base che sostenevano il referendum non avevano le stesse risorse delle grandi organizzazioni e dei partiti.<br>Poco prima della fine dell&#8217;anno, il comitato referendario NoFrontex ha lanciato l&#8217;allarme. Un ultimo scatto di solidariet\u00e0 a cui hanno partecipato migliaia di persone da tutta la Svizzera ha animato le strade. Numerose persone sono scese di nuovo in strada, hanno mobilizzato gli amici e sono andate dai loro vicini con i loro fogli di firma.<\/p>\n\n\n\n<h2 class=\"wp-block-heading\">Mettere fine alla violenza, alla miseria e alla morte alle frontiere esterne dell&#8217;Europa<\/h2>\n\n\n\n<p>Alle frontiere esterne dell&#8217;area Schengen, i diritti umani dei rifugiati sono gravemente ignorati. I rifugiati vengono maltrattati e deportati.  Decine di migliaia di persone annegano, muoiono di freddo per ferite e malattie. I loro diritti fondamentali vengono negati. Frontex, come guardia di frontiera e costiera europea, \u00e8 in parte responsabile. Le accuse contro Frontex pesano: mancanza di trasparenza e coinvolgimento in violazioni dei diritti umani. Tuttavia, il Parlamento vuole pi\u00f9 che quadruplicare i contributi annuali a Frontex; Il referendum vuole impedire questo finanzamento.<\/p>\n\n\n\n<h2 class=\"wp-block-heading\">Niente soldi per le violazioni dei diritti umani<\/h2>\n\n\n\n<p>La Svizzera contribuisce a finanziare il progressivo blocco dell&#8217;Europa: Il contributo della Svizzera a Frontex passerebbe dagli attuali 14 milioni di franchi a 61 milioni all&#8217;anno entro il 2027. Inoltre, il Corpo svizzero delle guardie di confine parteciperebbe sempre pi\u00f9 spesso alle missioni armate di Frontex all&#8217;estero. Come Stato non UE, la Svizzera non ha diritto di voto nell&#8217;organizzazione di Frontex, ma paga una parte sproporzionata del bilancio di Frontex.<\/p>\n\n\n\n<div style=\"height:100px\" aria-hidden=\"true\" class=\"wp-block-spacer af-spacer-l\"><\/div>\n\n\n\n<div class=\"wp-block-group af-box-m af-box-m--fill-dark\"><div class=\"wp-block-group__inner-container is-layout-flow wp-block-group-is-layout-flow\">\n<p class=\"has-medium-font-size\">NoFrontex raccomanda il 15 maggio 2022: <br>S\u00cc alla libert\u00e0 di movimento e No all&#8217;espansione di Frontex<\/p>\n<\/div><\/div>\n<\/div><\/div>\n","protected":false},"excerpt":{"rendered":"<p>Oltre 62.000 firme raccolte contro Frontex Nonostante la distanza sociale legata alla pandemia, il freddo invernale e i venti contrari politici, ce l\u2019abbiamo fatta: Ben oltre 62.000 firme sono state&hellip;&nbsp;<a href=\"https:\/\/frontex-referendum.ch\/it\/2022\/01\/21\/oltre-62-000-firme-raccolte-contro-frontex\/\" class=\"\" rel=\"bookmark\">Leggi tutto &raquo;<span class=\"screen-reader-text\">Oltre 62.000 firme raccolte contro Frontex<\/span><\/a><\/p>\n","protected":false},"author":6,"featured_media":0,"comment_status":"open","ping_status":"closed","sticky":false,"template":"","format":"standard","meta":{"inline_featured_image":false,"neve_meta_sidebar":"full-width","neve_meta_container":"full-width","neve_meta_enable_content_width":"","neve_meta_content_width":0,"neve_meta_title_alignment":"","neve_meta_author_avatar":"","neve_post_elements_order":"[\"content\"]","neve_meta_disable_header":"","neve_meta_disable_footer":"","neve_meta_disable_title":"","neve_meta_reading_time":"","_EventAllDay":false,"_EventTimezone":"","_EventStartDate":"","_EventEndDate":"","_EventStartDateUTC":"","_EventEndDateUTC":"","_EventShowMap":false,"_EventShowMapLink":false,"_EventURL":"","_EventCost":"","_EventCostDescription":"","_EventCurrencySymbol":"","_EventCurrencyCode":"","_EventCurrencyPosition":"","_EventDateTimeSeparator":"","_EventTimeRangeSeparator":"","_EventOrganizerID":[],"_EventVenueID":[],"_OrganizerEmail":"","_OrganizerPhone":"","_OrganizerWebsite":"","_VenueAddress":"","_VenueCity":"","_VenueCountry":"","_VenueProvince":"","_VenueState":"","_VenueZip":"","_VenuePhone":"","_VenueURL":"","_VenueStateProvince":"","_VenueLat":"","_VenueLng":"","_VenueShowMap":false,"_VenueShowMapLink":false,"footnotes":""},"categories":[40],"tags":[],"class_list":["post-3564","post","type-post","status-publish","format-standard","hentry","category-comunicato-stampa"],"jetpack_sharing_enabled":true,"jetpack_featured_media_url":"","_links":{"self":[{"href":"https:\/\/frontex-referendum.ch\/it\/wp-json\/wp\/v2\/posts\/3564","targetHints":{"allow":["GET"]}}],"collection":[{"href":"https:\/\/frontex-referendum.ch\/it\/wp-json\/wp\/v2\/posts"}],"about":[{"href":"https:\/\/frontex-referendum.ch\/it\/wp-json\/wp\/v2\/types\/post"}],"author":[{"embeddable":true,"href":"https:\/\/frontex-referendum.ch\/it\/wp-json\/wp\/v2\/users\/6"}],"replies":[{"embeddable":true,"href":"https:\/\/frontex-referendum.ch\/it\/wp-json\/wp\/v2\/comments?post=3564"}],"version-history":[{"count":2,"href":"https:\/\/frontex-referendum.ch\/it\/wp-json\/wp\/v2\/posts\/3564\/revisions"}],"predecessor-version":[{"id":3570,"href":"https:\/\/frontex-referendum.ch\/it\/wp-json\/wp\/v2\/posts\/3564\/revisions\/3570"}],"wp:attachment":[{"href":"https:\/\/frontex-referendum.ch\/it\/wp-json\/wp\/v2\/media?parent=3564"}],"wp:term":[{"taxonomy":"category","embeddable":true,"href":"https:\/\/frontex-referendum.ch\/it\/wp-json\/wp\/v2\/categories?post=3564"},{"taxonomy":"post_tag","embeddable":true,"href":"https:\/\/frontex-referendum.ch\/it\/wp-json\/wp\/v2\/tags?post=3564"}],"curies":[{"name":"wp","href":"https:\/\/api.w.org\/{rel}","templated":true}]}}