{"id":3101,"date":"2021-12-28T21:04:00","date_gmt":"2021-12-28T20:04:00","guid":{"rendered":"https:\/\/frontex-referendum.ch\/?p=3101"},"modified":"2022-01-07T22:51:18","modified_gmt":"2022-01-07T21:51:18","slug":"frontex-verteidigt-das-koloniale-europa","status":"publish","type":"post","link":"https:\/\/frontex-referendum.ch\/it\/2021\/12\/28\/frontex-verteidigt-das-koloniale-europa\/","title":{"rendered":"Frontex verteidigt das koloniale Europa"},"content":{"rendered":"\n<div class=\"wp-block-group af-article-head\"><div class=\"wp-block-group__inner-container is-layout-flow wp-block-group-is-layout-flow\">\n<h1 class=\"wp-block-heading\">Frontex verteidigt das koloniale Europa<\/h1>\n<\/div><\/div>\n\n\n\n<div class=\"wp-block-group af-article-body af-links--soft\"><div class=\"wp-block-group__inner-container is-layout-flow wp-block-group-is-layout-flow\">\n<div class=\"wp-block-group af-article-body__meta\"><div class=\"wp-block-group__inner-container is-layout-flow wp-block-group-is-layout-flow\"><div class=\"wp-block-post-date\"><time datetime=\"2021-12-28T21:04:00+01:00\">28. Dicembre 2021<\/time><\/div>\n\n\n<p>Von <a href=\"https:\/\/www.instagram.com\/migrantifa_basel\/\" target=\"_blank\" rel=\"noreferrer noopener\">Migrantifa Basel<\/a><\/p>\n<\/div><\/div>\n\n\n\n<p>Etwas, was l\u00e4cherlich ist an Europa, der Schweiz, an Basel, sind die l\u00e4cherlichen Widerspr\u00fcche, in denen sie sich selbst bewegen. Von Werten wie solidarisch sein, von Werten wie N\u00e4chstenliebe, zu Werten wie im Satz \u00abNie Wieder!\u00bb<\/p>\n\n\n\n<p>Die Realit\u00e4t spielt sich aber ganz anders ab. Egal, ob die bosnisch-kroatische oder Belarus-polnische Grenze, Europa \u00absichert\u00bb seine Grenzen mit vollster Brutalit\u00e4t ab, um seinen Wohlstand zu sichern, den es \u00fcberall auf der Welt gewaltsam erbeutet.<\/p>\n\n\n\n<p>Boote, Schiffe, Autos, alles f\u00fcr Grenzbeamte, damit sie auch ordentlich ihre Menschenrechtsverletzungen durchf\u00fchren k\u00f6nnen.<\/p>\n\n\n\n<p>Wir sehen Grenzen in der heutigen Form als ein Gatekeeper. Nur bestimmte Menschen d\u00fcrfen rein und bestimmte d\u00fcrfen raus.<\/p>\n\n\n\n<p>Wenn man in diesem profit-orientierten System Arbeiter:innen braucht, \u00f6ffnet man die Tore, wenn nicht, entstehen Zeltcamps vor den Grenzen, wo kleine Kinder in dreckigen Pf\u00fctzen spielen.<\/p>\n\n\n\n<p>Das ist nur eine Fortsetzung des kolonialen Europas, das zur gleichen Zeit auf der ganzen Welt Kriege finanziert, Waffen liefert, Bomben abwirft auf Menschen, damit man dort zum Beispiel an das gewinnbringende Erd\u00f6l rankommt, um es dann hier g\u00fcnstig an der Tankstelle zu verkaufen.<\/p>\n\n\n\n<p>Der Grenzschutz von Frontex besteht in seinem Kern, um gegen geltende Menschenrechte zu arbeiten, auf die sich die EU-Staaten und die Schweiz verpflichten und das buchst\u00e4blich im Auftrag von Europa. Unter anderem hat auch <a href=\"https:\/\/www.srf.ch\/play\/tv\/srfglobal\/video\/frontex-und-die-festung-europa?urn=urn:srf:video:6d1b69b6-1414-41d7-bcb3-5b712b422da6\" target=\"_blank\" rel=\"noreferrer noopener\">das SRF in einer Doku \u00fcber die systematischen, illegalen Push-Backs berichtet<\/a>. Es gibt eine Tonne von Beweisen. Von schlimmsten Zust\u00e4nden, von Gewalt gegen Schutzsuchende und ebenso vom Schweigen Europas.<\/p>\n\n\n\n<p>Das Schweigen, das Wegsehen, ist das Schlimmste. Es zeigt sich einfach, f\u00fcr wen Europa, die Schweiz und Basel handeln. Nicht f\u00fcr die Menschen. Sondern f\u00fcr ein verrottetes System, f\u00fcr ein gekr\u00e4nktes Europa, das mit sich mit H\u00e4nden und F\u00fcssen wehrt, sich abschottet und alles tut, um sich irgendwie in seiner ekelhaften Weltordnung \u00fcber Wasser zu halten.<\/p>\n\n\n\n<div style=\"height:100px\" aria-hidden=\"true\" class=\"wp-block-spacer af-spacer-m\"><\/div>\n\n\n\n<p class=\"has-medium-font-size\">Aber auch diese Festung wird fallen!<\/p>\n\n\n\n<p class=\"has-medium-font-size\">Auch diese Mauern werden st\u00fcrzen!<\/p>\n\n\n\n<p class=\"has-medium-font-size\">Auch diesen Kampf werden wir gewinnen!<\/p>\n<\/div><\/div>\n","protected":false},"excerpt":{"rendered":"<p>Migrantifa Basel<\/p>\n","protected":false},"author":6,"featured_media":0,"comment_status":"open","ping_status":"closed","sticky":false,"template":"","format":"standard","meta":{"inline_featured_image":false,"neve_meta_sidebar":"full-width","neve_meta_container":"full-width","neve_meta_enable_content_width":"","neve_meta_content_width":0,"neve_meta_title_alignment":"","neve_meta_author_avatar":"","neve_post_elements_order":"[\"content\",\"related-posts\"]","neve_meta_disable_header":"","neve_meta_disable_footer":"","neve_meta_disable_title":"","neve_meta_reading_time":"","_EventAllDay":false,"_EventTimezone":"","_EventStartDate":"","_EventEndDate":"","_EventStartDateUTC":"","_EventEndDateUTC":"","_EventShowMap":false,"_EventShowMapLink":false,"_EventURL":"","_EventCost":"","_EventCostDescription":"","_EventCurrencySymbol":"","_EventCurrencyCode":"","_EventCurrencyPosition":"","_EventDateTimeSeparator":"","_EventTimeRangeSeparator":"","_EventOrganizerID":[],"_EventVenueID":[],"_OrganizerEmail":"","_OrganizerPhone":"","_OrganizerWebsite":"","_VenueAddress":"","_VenueCity":"","_VenueCountry":"","_VenueProvince":"","_VenueState":"","_VenueZip":"","_VenuePhone":"","_VenueURL":"","_VenueStateProvince":"","_VenueLat":"","_VenueLng":"","_VenueShowMap":false,"_VenueShowMapLink":false,"footnotes":""},"categories":[31],"tags":[],"class_list":["post-3101","post","type-post","status-publish","format-standard","hentry","category-kommentar"],"jetpack_sharing_enabled":true,"jetpack_featured_media_url":"","_links":{"self":[{"href":"https:\/\/frontex-referendum.ch\/it\/wp-json\/wp\/v2\/posts\/3101","targetHints":{"allow":["GET"]}}],"collection":[{"href":"https:\/\/frontex-referendum.ch\/it\/wp-json\/wp\/v2\/posts"}],"about":[{"href":"https:\/\/frontex-referendum.ch\/it\/wp-json\/wp\/v2\/types\/post"}],"author":[{"embeddable":true,"href":"https:\/\/frontex-referendum.ch\/it\/wp-json\/wp\/v2\/users\/6"}],"replies":[{"embeddable":true,"href":"https:\/\/frontex-referendum.ch\/it\/wp-json\/wp\/v2\/comments?post=3101"}],"version-history":[{"count":6,"href":"https:\/\/frontex-referendum.ch\/it\/wp-json\/wp\/v2\/posts\/3101\/revisions"}],"predecessor-version":[{"id":3237,"href":"https:\/\/frontex-referendum.ch\/it\/wp-json\/wp\/v2\/posts\/3101\/revisions\/3237"}],"wp:attachment":[{"href":"https:\/\/frontex-referendum.ch\/it\/wp-json\/wp\/v2\/media?parent=3101"}],"wp:term":[{"taxonomy":"category","embeddable":true,"href":"https:\/\/frontex-referendum.ch\/it\/wp-json\/wp\/v2\/categories?post=3101"},{"taxonomy":"post_tag","embeddable":true,"href":"https:\/\/frontex-referendum.ch\/it\/wp-json\/wp\/v2\/tags?post=3101"}],"curies":[{"name":"wp","href":"https:\/\/api.w.org\/{rel}","templated":true}]}}