{"id":2829,"date":"2021-12-24T02:12:37","date_gmt":"2021-12-24T01:12:37","guid":{"rendered":"https:\/\/frontex-referendum.ch\/2021\/12\/24\/referendum-nofrontex-10000-firme-sono-troppo-poche\/"},"modified":"2021-12-24T02:12:37","modified_gmt":"2021-12-24T01:12:37","slug":"referendum-nofrontex-10000-firme-sono-troppo-poche","status":"publish","type":"post","link":"https:\/\/frontex-referendum.ch\/it\/2021\/12\/24\/referendum-nofrontex-10000-firme-sono-troppo-poche\/","title":{"rendered":"Referendum NoFrontex: 10&#8217;000 firme sono troppo poche!"},"content":{"rendered":"\n<div class=\"wp-block-group af-article-head\"><div class=\"wp-block-group__inner-container is-layout-flow wp-block-group-is-layout-flow\">\n<h1 class=\"has-huge-font-size wp-block-heading\">Referendum NoFrontex: 10&#8217;000 firme sono troppo poche!<\/h1>\n\n\n<div class=\"wp-block-post-date\"><time datetime=\"2021-12-24T02:12:37+01:00\">24. Dicembre 2021<\/time><\/div>\n\n\n<p class=\"has-medium-font-size\">Il referendum contro l\u2019agenzia europea per le frontiere Frontex \u00e8 in corso, ma rischia ancora di fallire. Il comitato referendario NoFrontex lancia l\u2019allarme: \u00abAbbiamo urgente bisogno di una scossa di solidariet\u00e0 ora\u00bb.<\/p>\n\n\n\n<p class=\"has-medium-font-size\">L\u2019importanza del referendum si vede ogni giorno alle frontiere esterne dell&#8217;Europa, sul Mediterraneo o sulla rotta balcanica: violazioni dei diritti umani, respingimenti illegali, cooperazione con la guardia costiera libica \u2013 i soldi per Frontex significano violenza alle frontiere, chiusura e criminalizzazione della migrazione.<\/p>\n<\/div><\/div>\n\n<div class=\"wp-block-group af-article-body\"><div class=\"wp-block-group__inner-container is-layout-flow wp-block-group-is-layout-flow\">\n<h2 class=\"wp-block-heading\">Ora pi\u00f9 che mai: <br\/>Ha bisogno di tutti noi!<\/h2>\n\n\n\n<p>Il referendum NoFrontex \u00e8 sostenuto da numerosi gruppi di base in tutte le regioni della Svizzera. Molti volontari hanno unito le loro forze e le campagne di raccolta hanno luogo quasi ogni giorno. Molte persone senza diritto di voto aiutano anche con la raccolta. Eppure: solo 10&#8217;000 firme sono state ricevute finora. . Altre 10&#8217;000 firme saranno probabilmente in arrivo. Ma non \u00e8 abbastanza e il tempo sta per scadere. Mancano solo 35 giorni alla scadenza del referendum.<\/p>\n\n\n\n<p>Il referendum viene raccolto in condizioni difficili: la pandemia di Corona \u00e8 una sfida e i gruppi di base che portano il referendum stanno raccogliendo diligentemente, ma non con la stessa efficacia delle grandi organizzazioni o dei partiti. Anche le risorse finanziarie e di tempo delle organizzazioni impegnate non sono all&#8217;altezza delle possibilit\u00e0 delle strutture pi\u00f9 grandi. <\/p>\n\n\n\n<p>Il comitato referendario invita tutti i sostenitori della solidariet\u00e0 a raccogliere le firme prima della fine dell&#8217;anno e a mandarle a Berna. \u00abLo dobbiamo alle persone in fuga\u00bb, dice Saeed Farkhondeh del Migrant Solidarity Network.<\/p>\n\n\n\n<h2 class=\"wp-block-heading\">Le frontiere esterne dell&#8217;Europa dimostrano ogni giorno quanto sia importante il referendum.<\/h2>\n\n\n\n<p>L\u2019importanza del referendum pu\u00f2 essere vista ogni giorno sulle frontiere esterne dell&#8217;Europa, sul Mediterraneo o sulla Rotta balcanica. L\u00ec, Frontex \u00e8 responsabile di violazioni dei diritti umani, esegue numerosi respingimenti illegali o coopera con la guardia costiera libica. E la Svizzera dovrebbe sostenere l&#8217;agenzia con sempre pi\u00f9 soldi e personale? Non nel nostro nome!<\/p>\n\n\n\n<p>Alla conferenza stampa, parlano diversi attivisti che incontrano Frontex ancora e ancora attraverso il loro lavoro con le organizzazioni di solidariet\u00e0 dei migranti:<\/p>\n\n\n\n<blockquote class=\"wp-block-quote is-style-large is-layout-flow wp-block-quote-is-layout-flow\"><p>\u00abLe nostre richieste: libert\u00e0 di movimento per tutti \u2013 la realt\u00e0: sempre pi\u00f9 recinzioni, muri e militarizzazione. Sempre pi\u00f9 sorveglianza e cooperazione dubbia. Il risultato: normalizzazione dei violenti push- e pullback.\u00bb<\/p><cite>Malek Ossi | WTM Alarmphone<\/cite><\/blockquote>\n\n\n\n<blockquote class=\"wp-block-quote is-style-large is-layout-flow wp-block-quote-is-layout-flow\"><p>\u00abPrima dei pushbacks, ci sono spesso colpi, colpi di avvertimento e minacce.\u00bb<\/p><cite>Rapporto su Frontex al confine greco-albanese<\/cite><\/blockquote>\n\n\n\n<blockquote class=\"wp-block-quote is-style-large is-layout-flow wp-block-quote-is-layout-flow\"><p>\u00abQuesto referendum \u00e8 un\u2019occasione per fare finalmente luce sulle macchinazioni di Frontex, sulla cooperazione della Svizzera e su ci\u00f2 che questa politica di militarizzazione delle frontiere sta facendo alla nostra umanit\u00e0 e al nostro senso di solidariet\u00e0.\u00bb<\/p><cite>Sophie Guignard | Solidarit\u00e9 sans fronti\u00e8res<\/cite><\/blockquote>\n\n\n\n<div style=\"height:100px\" aria-hidden=\"true\" class=\"wp-block-spacer af-spacer-m\"><\/div>\n\n\n\n<div class=\"wp-block-group af-box-m af-box-m--fill-dark\"><div class=\"wp-block-group__inner-container is-layout-flow wp-block-group-is-layout-flow\">\n<p class=\"af-btn-icon af-btn-icon--arrow-heavy-white\"><a href=\"https:\/\/frontex-referendum.ch\/wp-content\/uploads\/2021\/12\/Mediendossier_Dossier-de-presse_NoFrontex-2.pdf\" target=\"_blank\" rel=\"noreferrer noopener\">Dossier dei media (PDF, 0.4 MB)<\/a><\/p>\n<\/div><\/div>\n\n\n\n<div style=\"height:100px\" aria-hidden=\"true\" class=\"wp-block-spacer af-spacer-s\"><\/div>\n\n\n\n<div class=\"wp-block-group af-box-m af-box-m--fill-dark\"><div class=\"wp-block-group__inner-container is-layout-flow wp-block-group-is-layout-flow\">\n<p class=\"af-btn-icon af-btn-icon--arrow-heavy-white\"><a href=\"https:\/\/frontex-referendum.ch\/it\/partecipare\/#sign\">Firma ora!<\/a><\/p>\n<\/div><\/div>\n<\/div><\/div>\n","protected":false},"excerpt":{"rendered":"<p>Referendum NoFrontex: 10&#8217;000 firme sono troppo poche! Il referendum contro l\u2019agenzia europea per le frontiere Frontex \u00e8 in corso, ma rischia ancora di fallire. Il comitato referendario NoFrontex lancia l\u2019allarme:&hellip;&nbsp;<a href=\"https:\/\/frontex-referendum.ch\/it\/2021\/12\/24\/referendum-nofrontex-10000-firme-sono-troppo-poche\/\" class=\"\" rel=\"bookmark\">Leggi tutto &raquo;<span class=\"screen-reader-text\">Referendum NoFrontex: 10&#8217;000 firme sono troppo poche!<\/span><\/a><\/p>\n","protected":false},"author":6,"featured_media":0,"comment_status":"open","ping_status":"closed","sticky":false,"template":"","format":"standard","meta":{"inline_featured_image":false,"neve_meta_sidebar":"full-width","neve_meta_container":"","neve_meta_enable_content_width":"","neve_meta_content_width":0,"neve_meta_title_alignment":"","neve_meta_author_avatar":"","neve_post_elements_order":"","neve_meta_disable_header":"","neve_meta_disable_footer":"","neve_meta_disable_title":"","neve_meta_reading_time":"","_EventAllDay":false,"_EventTimezone":"","_EventStartDate":"","_EventEndDate":"","_EventStartDateUTC":"","_EventEndDateUTC":"","_EventShowMap":false,"_EventShowMapLink":false,"_EventURL":"","_EventCost":"","_EventCostDescription":"","_EventCurrencySymbol":"","_EventCurrencyCode":"","_EventCurrencyPosition":"","_EventDateTimeSeparator":"","_EventTimeRangeSeparator":"","_EventOrganizerID":[],"_EventVenueID":[],"_OrganizerEmail":"","_OrganizerPhone":"","_OrganizerWebsite":"","_VenueAddress":"","_VenueCity":"","_VenueCountry":"","_VenueProvince":"","_VenueState":"","_VenueZip":"","_VenuePhone":"","_VenueURL":"","_VenueStateProvince":"","_VenueLat":"","_VenueLng":"","_VenueShowMap":false,"_VenueShowMapLink":false,"footnotes":""},"categories":[40],"tags":[],"class_list":["post-2829","post","type-post","status-publish","format-standard","hentry","category-comunicato-stampa"],"jetpack_sharing_enabled":true,"jetpack_featured_media_url":"","_links":{"self":[{"href":"https:\/\/frontex-referendum.ch\/it\/wp-json\/wp\/v2\/posts\/2829","targetHints":{"allow":["GET"]}}],"collection":[{"href":"https:\/\/frontex-referendum.ch\/it\/wp-json\/wp\/v2\/posts"}],"about":[{"href":"https:\/\/frontex-referendum.ch\/it\/wp-json\/wp\/v2\/types\/post"}],"author":[{"embeddable":true,"href":"https:\/\/frontex-referendum.ch\/it\/wp-json\/wp\/v2\/users\/6"}],"replies":[{"embeddable":true,"href":"https:\/\/frontex-referendum.ch\/it\/wp-json\/wp\/v2\/comments?post=2829"}],"version-history":[{"count":1,"href":"https:\/\/frontex-referendum.ch\/it\/wp-json\/wp\/v2\/posts\/2829\/revisions"}],"predecessor-version":[{"id":2830,"href":"https:\/\/frontex-referendum.ch\/it\/wp-json\/wp\/v2\/posts\/2829\/revisions\/2830"}],"wp:attachment":[{"href":"https:\/\/frontex-referendum.ch\/it\/wp-json\/wp\/v2\/media?parent=2829"}],"wp:term":[{"taxonomy":"category","embeddable":true,"href":"https:\/\/frontex-referendum.ch\/it\/wp-json\/wp\/v2\/categories?post=2829"},{"taxonomy":"post_tag","embeddable":true,"href":"https:\/\/frontex-referendum.ch\/it\/wp-json\/wp\/v2\/tags?post=2829"}],"curies":[{"name":"wp","href":"https:\/\/api.w.org\/{rel}","templated":true}]}}