{"id":2663,"date":"2021-12-22T23:48:57","date_gmt":"2021-12-22T22:48:57","guid":{"rendered":"https:\/\/frontex-referendum.ch\/2021\/12\/22\/si-vale-la-pena-continuare-a-collezionare\/"},"modified":"2022-01-10T08:56:35","modified_gmt":"2022-01-10T07:56:35","slug":"si-vale-la-pena-continuare-a-collezionare","status":"publish","type":"post","link":"https:\/\/frontex-referendum.ch\/it\/2021\/12\/22\/si-vale-la-pena-continuare-a-collezionare\/","title":{"rendered":"S\u00ec, vale la pena continuare a collezionare!"},"content":{"rendered":"\n<div class=\"wp-block-group af-article-head\"><div class=\"wp-block-group__inner-container is-layout-flow wp-block-group-is-layout-flow\">\n<h1 class=\"wp-block-heading\">S\u00ec, vale la pena continuare a collezionare!<\/h1>\n<\/div><\/div>\n\n<div class=\"wp-block-group af-article-body af-links--soft\"><div class=\"wp-block-group__inner-container is-layout-flow wp-block-group-is-layout-flow\">\n<p>Met\u00e0 dicembre abbiamo dovuto <a href=\"https:\/\/frontex-referendum.ch\/it\/2021\/12\/24\/referendum-nofrontex-10000-firme-sono-troppo-poche\/\">suonare l\u2019allarme<\/a>. Abbiamo ricevuto solo 10&#8217;000 firme. Ora siamo a 33\u2019000!!! Molti ci hanno chiesto se lo sforzo valeva la pena. <\/p>\n\n\n\n<h2 class=\"wp-block-heading\">Diciamo S\u00cc tre volte:<\/h2>\n\n\n\n<p>\u278a S\u00cc, a causa della situazione di COVID, guadagniamo tre settimane e siamo autorizzati a continuare la raccolta fino alla scadenza referendaria del 20 gennaio. La Cancelleria di Stato permette eccezionalmente di completare la certificazione delle 50&#8217;000 firme dopo la loro presentazione.<br\/>\u278b S\u00cc, perch\u00e9 riceviamo pi\u00f9 firme ogni giorno. Molte organizzazioni hanno (ri)chiamato a firmare e a far firmare le persone. Se continuiamo in questo ritmo, ce la faremo a malapena.<br\/>\u278c S\u00cc, la collezione ci permette di occupare in modo resistivo lo spazio nelle strade e nei media per informare la maggioranza della societ\u00e0 sui problemi di Frontex e sul ruolo della Svizzera alle frontiere esterne della Fortezza Europa. Questo sembra necessario. Molte persone non sanno nulla di Frontex.<\/p>\n\n\n\n<div style=\"height:100px\" aria-hidden=\"true\" class=\"wp-block-spacer af-spacer-m\"><\/div>\n\n\n\n<p class=\"has-medium-font-size\">Cerchiamo di essere realistici, proviamo l&#8217;impossibile!<\/p>\n\n\n\n<div style=\"height:100px\" aria-hidden=\"true\" class=\"wp-block-spacer af-spacer-m\"><\/div>\n\n\n\n<p class=\"af-btn-icon af-btn-icon--arrow-heavy-white af-box-m--link af-box-m--fill-dark has-medium-font-size\"><a href=\"https:\/\/frontex-referendum.ch\/it\/partecipare\/#sign\">Firma ora!<\/a><\/p>\n<\/div><\/div>\n","protected":false},"excerpt":{"rendered":"<p>S\u00ec, vale la pena continuare a collezionare! Met\u00e0 dicembre abbiamo dovuto suonare l\u2019allarme. Abbiamo ricevuto solo 10&#8217;000 firme. Ora siamo a 33\u2019000!!! Molti ci hanno chiesto se lo sforzo valeva&hellip;&nbsp;<a href=\"https:\/\/frontex-referendum.ch\/it\/2021\/12\/22\/si-vale-la-pena-continuare-a-collezionare\/\" class=\"\" rel=\"bookmark\">Leggi tutto &raquo;<span class=\"screen-reader-text\">S\u00ec, vale la pena continuare a collezionare!<\/span><\/a><\/p>\n","protected":false},"author":6,"featured_media":0,"comment_status":"open","ping_status":"closed","sticky":false,"template":"","format":"standard","meta":{"inline_featured_image":false,"neve_meta_sidebar":"full-width","neve_meta_container":"full-width","neve_meta_enable_content_width":"","neve_meta_content_width":0,"neve_meta_title_alignment":"","neve_meta_author_avatar":"","neve_post_elements_order":"[\"content\"]","neve_meta_disable_header":"","neve_meta_disable_footer":"","neve_meta_disable_title":"","neve_meta_reading_time":"","_EventAllDay":false,"_EventTimezone":"","_EventStartDate":"","_EventEndDate":"","_EventStartDateUTC":"","_EventEndDateUTC":"","_EventShowMap":false,"_EventShowMapLink":false,"_EventURL":"","_EventCost":"","_EventCostDescription":"","_EventCurrencySymbol":"","_EventCurrencyCode":"","_EventCurrencyPosition":"","_EventDateTimeSeparator":"","_EventTimeRangeSeparator":"","_EventOrganizerID":[],"_EventVenueID":[],"_OrganizerEmail":"","_OrganizerPhone":"","_OrganizerWebsite":"","_VenueAddress":"","_VenueCity":"","_VenueCountry":"","_VenueProvince":"","_VenueState":"","_VenueZip":"","_VenuePhone":"","_VenueURL":"","_VenueStateProvince":"","_VenueLat":"","_VenueLng":"","_VenueShowMap":false,"_VenueShowMapLink":false,"footnotes":""},"categories":[40],"tags":[],"class_list":["post-2663","post","type-post","status-publish","format-standard","hentry","category-comunicato-stampa"],"jetpack_sharing_enabled":true,"jetpack_featured_media_url":"","_links":{"self":[{"href":"https:\/\/frontex-referendum.ch\/it\/wp-json\/wp\/v2\/posts\/2663","targetHints":{"allow":["GET"]}}],"collection":[{"href":"https:\/\/frontex-referendum.ch\/it\/wp-json\/wp\/v2\/posts"}],"about":[{"href":"https:\/\/frontex-referendum.ch\/it\/wp-json\/wp\/v2\/types\/post"}],"author":[{"embeddable":true,"href":"https:\/\/frontex-referendum.ch\/it\/wp-json\/wp\/v2\/users\/6"}],"replies":[{"embeddable":true,"href":"https:\/\/frontex-referendum.ch\/it\/wp-json\/wp\/v2\/comments?post=2663"}],"version-history":[{"count":25,"href":"https:\/\/frontex-referendum.ch\/it\/wp-json\/wp\/v2\/posts\/2663\/revisions"}],"predecessor-version":[{"id":3231,"href":"https:\/\/frontex-referendum.ch\/it\/wp-json\/wp\/v2\/posts\/2663\/revisions\/3231"}],"wp:attachment":[{"href":"https:\/\/frontex-referendum.ch\/it\/wp-json\/wp\/v2\/media?parent=2663"}],"wp:term":[{"taxonomy":"category","embeddable":true,"href":"https:\/\/frontex-referendum.ch\/it\/wp-json\/wp\/v2\/categories?post=2663"},{"taxonomy":"post_tag","embeddable":true,"href":"https:\/\/frontex-referendum.ch\/it\/wp-json\/wp\/v2\/tags?post=2663"}],"curies":[{"name":"wp","href":"https:\/\/api.w.org\/{rel}","templated":true}]}}