{"id":2213,"date":"2021-12-10T00:09:55","date_gmt":"2021-12-09T23:09:55","guid":{"rendered":"https:\/\/frontex-referendum.ch\/2021\/12\/10\/diritti-umani\/"},"modified":"2021-12-17T12:01:20","modified_gmt":"2021-12-17T11:01:20","slug":"diritti-umani","status":"publish","type":"post","link":"https:\/\/frontex-referendum.ch\/it\/2021\/12\/10\/diritti-umani\/","title":{"rendered":"Diritti umani"},"content":{"rendered":"\n<div class=\"wp-block-group af-article-head\"><div class=\"wp-block-group__inner-container is-layout-flow wp-block-group-is-layout-flow\">\n<h1 class=\"has-huge-font-size wp-block-heading\">Violazione dei diritti umani alla frontiera<\/h1>\n\n\n\n<p class=\"has-medium-font-size\">Moltipli rapporti pubblicati negli ultimi anni dimostrano che Frontex \u00e8 stata (ed \u00e8 ancora) direttamente e indirettamente coinvolta in gravi violazioni dei diritti umani. L&#8217;agenzia e il suo direttore Fabrice Leggeri non si preoccupano della vita e dei diritti delle persone in fuga.<\/p>\n<\/div><\/div>\n\n<div class=\"wp-block-group af-article-body af-links--soft\"><div class=\"wp-block-group__inner-container is-layout-flow wp-block-group-is-layout-flow\">\n<p>Negli ultimi anni, i diritti umani sono stati ripetutamente violati alle frontiere esterne dell&#8217;UE sotto gli occhi di Frontex. Questo implica spesso i cosiddetti &#8220;pushback&#8221;, cio\u00e8 il respingimento illegale dei rifugiati alla frontiera senza dar loro la possibilit\u00e0 di fare domanda d&#8217;asilo. Ci\u00f2 non solo viola il diritto fondamentale di chiedere asilo, ma spesso anche il principio di non respingimento che proibisce il rimpatrio di persone in luoghi dove sono minacciate di tortura o altre violazioni dei diritti umani.  I chiarimenti necessari vengono semplicemente ignorati nel caso dei pushback.<\/p>\n\n\n\n<h2 class=\"wp-block-heading\">Violazioni in diverse aree<\/h2>\n\n\n\n<p>Frontex si \u00e8 ripetutamente comportata passivamente, per non dire con complicit\u00e0, durante i pushback. Per esempio, <a href=\"https:\/\/www.derbund.ch\/frontex-verschliesst-die-augen-456395025959\" target=\"_blank\" rel=\"noreferrer noopener\">migliaia di persone sono state deportate al confine serbo-ungherese senza una procedura legale<\/a>. La Corte di giustizia dell&#8217;Unione europea (CGUE) ha condannato l&#8217;Ungheria per il suo trattamento delle persone in fuga. Frontex era attiva in questa regione durante lo stesso periodo e ha lasciato senza commenti il regime di violenza ungherese. \u00c8 stato solo dopo la sentenza della Corte di giustizia dell&#8217;Unione europea che l&#8217;Agenzia di frontiera dell&#8217;UE si \u00e8 ritirata dall&#8217;Ungheria nel gennaio 2021. Non si \u00e8 pronunciata a favore delle persone in fuga o contro le deportazioni illegali dell&#8217;Ungheria.<\/p>\n\n\n\n<p>La situazione \u00e8 simile in Grecia, dove <a rel=\"noreferrer noopener\" href=\"https:\/\/www.tagesschau.de\/investigativ\/report-mainz\/frontex-pushbacks-109.html\" target=\"_blank\">le guardie di frontiera greche abbandonano regolarmente i rifugiati sul Mar Egeo<\/a>. Distruggono le loro barche e le lasciano alla deriva in mare senza motori o su zattere di salvataggio galleggianti. Il piano \u00e8 chiaro: Tutti dovrebbero essere respinti in Turchia, senza alcuna procedura. Nel 2020, \u00e8 stato ormai rivelato che le navi di Frontex sono state coinvolte in almeno 6 di questi respingimenti.<\/p>\n\n\n\n<p>Secondo altri rapporti, gli ufficiali di Frontex erano anche <a href=\"https:\/\/www.woz.ch\/2142\/fluechtlingspolitik\/ein-perfektes-verbrechen\">direttamente coinvolti<\/a> in altre azioni. Nel 2016, per esempio, una famiglia siriana \u00e8 stata rimandata in Turchia entro pochi giorni dopo la pericolosa traversata in barca dalla Turchia alla Grecia &#8211; senza procedura d&#8217;asilo &#8211; e scortata da funzionari di Frontex. Anche in questo caso \u00e8 in corso una causa dinanzi alla Corte di giustizia dell&#8217;Unione europea (CGUE).<\/p>\n\n\n\n<h2 class=\"wp-block-heading\">Non \u00e8 rimasto nulla per i diritti fondamentali<\/h2>\n\n\n\n<p>Le prove di questo e di altri incidenti simili hanno portato il Parlamento europeo a lanciare un&#8217;indagine. Il <a href=\"https:\/\/www.statewatch.org\/media\/2590\/ep-frontex-scrutiny-group-final-report-14-7-21.pdf\" target=\"_blank\" rel=\"noreferrer noopener\">rapporto investigativo<\/a> afferma che Frontex era a conoscenza di violazioni dei diritti fondamentali in diversi casi, in zone in cui Frontex era anche coinvolta nel controllo delle frontiere. Tuttavia, l&#8217;agenzia non ha impedito questi incidenti o tentato di prevenire future violazioni dei diritti fondamentali. Il rapporto ha anche notato che Frontex non ha affrontato adeguatamente n\u00e9 le segnalazioni esterne n\u00e9 quelle interne di violazioni dei diritti umani &#8211; il sistema di segnalazione dei cosiddetti Serious Incident Reports, uno strumento per segnalare le violazioni dei diritti umani, non funziona affatto.<\/p>\n\n\n\n<p>Oltre alla violazione degli obblighi giuridici internazionali, ci sono gli innumerevoli usi fisici e psicologici della violenza da parte delle autorit\u00e0 di frontiera contro i migranti, che sono molto spesso accompagnati da pushbacks. Le persone in fuga vengono attaccate con <a href=\"https:\/\/www.independent.co.uk\/news\/world\/europe\/refugee-crisis-deaths-mediterranean-libya-coastguard-opens-fire-drowned-gunshots-ngos-rescue-boat-a7754176.html\" target=\"_blank\" rel=\"noreferrer noopener\">armi da fuoco<\/a>, <a href=\"https:\/\/www.srf.ch\/news\/international\/pushbacks-an-eu-grenze-video-beweis-kroatische-polizisten-pruegeln-migranten-aus-der-eu\" target=\"_blank\" rel=\"noreferrer noopener\">manganelli<\/a>, <a href=\"https:\/\/balkaninsight.com\/2020\/02\/06\/frontexs-history-of-handling-abuse-evidence-dogs-balkan-expansion\/\" target=\"_blank\" rel=\"noreferrer noopener\">cani d&#8217;attacco<\/a>, <a href=\"https:\/\/apnews.com\/article\/middle-east-europe-migration-technology-health-c23251bec65ba45205a0851fab07e9b6\" target=\"_blank\" rel=\"noreferrer noopener\">cannoni sonori<\/a> e <a href=\"https:\/\/www.zeit.de\/politik\/ausland\/2021-11\/belarus-grenze-polen-wasserwerfer-migranten\" target=\"_blank\" rel=\"noreferrer noopener\">cannoni ad acqua<\/a>. Vengono derubati, torturati, smascherati e uccisi. Chi vede qui il potenziale per un&#8217;influenza decisiva di un&#8217;agenzia europea di protezione delle frontiere nell&#8217;interesse dei <a href=\"https:\/\/european-union.europa.eu\/principles-countries-history\/principles-and-values\/aims-and-values_en\" target=\"_blank\" rel=\"noreferrer noopener\">&#8220;valori europei&#8221;<\/a> rimane <a href=\"https:\/\/www.hrw.org\/news\/2021\/06\/23\/frontex-failing-protect-people-eu-borders\" target=\"_blank\" rel=\"noreferrer noopener\">deluso<\/a>.<\/p>\n\n\n\n<p>Quando Fabrice Leggeri, il direttore esecutivo di Frontex, ha <a rel=\"noreferrer noopener\" href=\"https:\/\/frontex.europa.eu\/media-centre\/news\/news-release\/frontex-executive-director-visits-poland-s-border-with-belarus-LAS4dG\" target=\"_blank\">visitato il confine tra la Bielorussia e la Polonia<\/a> in ottobre, \u00e8 rimasto positivamente impressionato dai mezzi utilizzati per &#8220;rendere sicura la frontiera&#8221;. Ha espresso il suo apprezzamento per la cooperazione tra Frontex e la Polonia dall&#8217;inizio della &#8220;crisi&#8221;. Tuttavia, non ha detto una parola sulle migliaia di persone che sono state bloccate proprio a questa frontiera in condizioni disumane. Qualche settimana dopo, Frontex ha annunciato la sua intenzione di <a rel=\"noreferrer noopener\" href=\"https:\/\/twitter.com\/NikolajNielsen\/status\/1458826426329845765\" target=\"_blank\">partecipare all&#8217;espulsione di 1700 rifugiati iracheni<\/a> da questa regione di confine. <\/p>\n\n\n\n<p>Uno studio degli ultimi mesi mostra che Frontex, sotto un&#8217;appropriata pressione pubblica, ha preso le distanze da azioni troppo evidentemente violente di alcune autorit\u00e0 nazionali di frontiera. Ma come braccio operativo della politica europea di chiusura, Frontex contribuisce direttamente e indirettamente a spaventare e respingere le persone. La violenza che va di pari passo con questo \u00e8 accettata &#8211; o delegata, come dimostra non da ultimo <a rel=\"noreferrer noopener\" href=\"https:\/\/www.tagesschau.de\/investigativ\/monitor\/frontex-rueckfuehrungen-libyen-101.html\" target=\"_blank\">la collaborazione in corso tra Frontex e la cosiddetta &#8220;guardia costiera&#8221; libica<\/a>.<\/p>\n\n\n\n<hr class=\"wp-block-separator\"\/>\n\n\n\n<p>Ulteriori informazioni:<\/p>\n\n\n\n<div class=\"wp-block-group af-box-m af-box-m--fill-dark\"><div class=\"wp-block-group__inner-container is-layout-flow wp-block-group-is-layout-flow\">\n<h3 class=\"af-btn-icon af-btn-icon--arrow-heavy-white wp-block-heading\"><a href=\"https:\/\/frontex-referendum.ch\/it\/background\/rapporti-dei-media-frontex-e-la-politica-europea-dei-confini\/\">Rapporti su Frontex e la politica europea dei confini<\/a><\/h3>\n<\/div><\/div>\n<\/div><\/div>\n\n<p><\/p>\n","protected":false},"excerpt":{"rendered":"<p>Violazione dei diritti umani alla frontiera Moltipli rapporti pubblicati negli ultimi anni dimostrano che Frontex \u00e8 stata (ed \u00e8 ancora) direttamente e indirettamente coinvolta in gravi violazioni dei diritti umani.&hellip;&nbsp;<a href=\"https:\/\/frontex-referendum.ch\/it\/2021\/12\/10\/diritti-umani\/\" class=\"\" rel=\"bookmark\">Leggi tutto &raquo;<span class=\"screen-reader-text\">Diritti umani<\/span><\/a><\/p>\n","protected":false},"author":6,"featured_media":0,"comment_status":"open","ping_status":"closed","sticky":false,"template":"","format":"standard","meta":{"inline_featured_image":false,"neve_meta_sidebar":"full-width","neve_meta_container":"full-width","neve_meta_enable_content_width":"off","neve_meta_content_width":70,"neve_meta_title_alignment":"","neve_meta_author_avatar":"","neve_post_elements_order":"[\"content\"]","neve_meta_disable_header":"off","neve_meta_disable_footer":"","neve_meta_disable_title":"","neve_meta_reading_time":"","_EventAllDay":false,"_EventTimezone":"","_EventStartDate":"","_EventEndDate":"","_EventStartDateUTC":"","_EventEndDateUTC":"","_EventShowMap":false,"_EventShowMapLink":false,"_EventURL":"","_EventCost":"","_EventCostDescription":"","_EventCurrencySymbol":"","_EventCurrencyCode":"","_EventCurrencyPosition":"","_EventDateTimeSeparator":"","_EventTimeRangeSeparator":"","_EventOrganizerID":[],"_EventVenueID":[],"_OrganizerEmail":"","_OrganizerPhone":"","_OrganizerWebsite":"","_VenueAddress":"","_VenueCity":"","_VenueCountry":"","_VenueProvince":"","_VenueState":"","_VenueZip":"","_VenuePhone":"","_VenueURL":"","_VenueStateProvince":"","_VenueLat":"","_VenueLng":"","_VenueShowMap":false,"_VenueShowMapLink":false,"footnotes":""},"categories":[36],"tags":[],"class_list":["post-2213","post","type-post","status-publish","format-standard","hentry","category-focus-it"],"jetpack_sharing_enabled":true,"jetpack_featured_media_url":"","_links":{"self":[{"href":"https:\/\/frontex-referendum.ch\/it\/wp-json\/wp\/v2\/posts\/2213","targetHints":{"allow":["GET"]}}],"collection":[{"href":"https:\/\/frontex-referendum.ch\/it\/wp-json\/wp\/v2\/posts"}],"about":[{"href":"https:\/\/frontex-referendum.ch\/it\/wp-json\/wp\/v2\/types\/post"}],"author":[{"embeddable":true,"href":"https:\/\/frontex-referendum.ch\/it\/wp-json\/wp\/v2\/users\/6"}],"replies":[{"embeddable":true,"href":"https:\/\/frontex-referendum.ch\/it\/wp-json\/wp\/v2\/comments?post=2213"}],"version-history":[{"count":16,"href":"https:\/\/frontex-referendum.ch\/it\/wp-json\/wp\/v2\/posts\/2213\/revisions"}],"predecessor-version":[{"id":2414,"href":"https:\/\/frontex-referendum.ch\/it\/wp-json\/wp\/v2\/posts\/2213\/revisions\/2414"}],"wp:attachment":[{"href":"https:\/\/frontex-referendum.ch\/it\/wp-json\/wp\/v2\/media?parent=2213"}],"wp:term":[{"taxonomy":"category","embeddable":true,"href":"https:\/\/frontex-referendum.ch\/it\/wp-json\/wp\/v2\/categories?post=2213"},{"taxonomy":"post_tag","embeddable":true,"href":"https:\/\/frontex-referendum.ch\/it\/wp-json\/wp\/v2\/tags?post=2213"}],"curies":[{"name":"wp","href":"https:\/\/api.w.org\/{rel}","templated":true}]}}