{"id":1775,"date":"2021-11-29T23:40:55","date_gmt":"2021-11-29T22:40:55","guid":{"rendered":"https:\/\/frontex-referendum.ch\/?p=1775"},"modified":"2022-01-07T22:57:39","modified_gmt":"2022-01-07T21:57:39","slug":"warum-wir-gegen-frontex-sind-stellungnahme-vom-migrant-solidarity-network","status":"publish","type":"post","link":"https:\/\/frontex-referendum.ch\/it\/2021\/11\/29\/warum-wir-gegen-frontex-sind-stellungnahme-vom-migrant-solidarity-network\/","title":{"rendered":"Warum wir gegen Frontex sind"},"content":{"rendered":"\n<div class=\"wp-block-group af-article-head\"><div class=\"wp-block-group__inner-container is-layout-flow wp-block-group-is-layout-flow\">\n<h1 class=\"wp-block-heading\">Warum wir gegen Frontex sind<\/h1>\n<\/div><\/div>\n\n\n\n<div class=\"wp-block-group af-article-body af-links--soft\"><div class=\"wp-block-group__inner-container is-layout-flow wp-block-group-is-layout-flow\">\n<div class=\"wp-block-group af-article-body__meta\"><div class=\"wp-block-group__inner-container is-layout-flow wp-block-group-is-layout-flow\"><div class=\"has-text-align-left wp-block-post-date\"><time datetime=\"2021-11-29T23:40:55+01:00\">29. Novembre 2021<\/time><\/div>\n\n\n<p>Vom <a href=\"https:\/\/www.migrant-solidarity-network.ch\" target=\"_blank\" rel=\"noreferrer noopener\">Migrant Solidarity Network<\/a><\/p>\n<\/div><\/div>\n\n\n\n<h2 class=\"wp-block-heading\">Frontex grenzt Menschen gewaltvoll voneinander ab.<\/h2>\n\n\n\n<p>Durch \u00dcberwachung, Kontrollen und Polizeigewalt an den Aussengrenzen des Schengenraums ordnet Frontex Menschen in Kategorien wie \u00abNationalit\u00e4t\u00bb, \u00abGeschlecht\u00bb, \u00abAlter\u00bb, \u00abFl\u00fcchtlingsstatus\u00bb ein und behandelt sie danach ungleich. Frontex privilegiert Europ\u00e4er:innen und diskriminiert alle anderen Menschen. Diese rassistische Ungleichbehandlung zwischen Menschen aus Europa und dem Globalen S\u00fcden geht auf die Kolonialzeit zur\u00fcck. Damals errichtete Europa mit viel Gewalt eine ungerechte Welt.<\/p>\n\n\n\n<h2 class=\"wp-block-heading\">Frontex ist kein Zufall.<\/h2>\n\n\n\n<p>Der mangelnde Menschenrechtsschutz f\u00fcr Migrant:innen auf See ist keine \u00abtragische Anomalie\u00bb, sondern vielmehr eine Folge konkreter politischer Entscheidungen. Es sind bewusste Praktiken der Mitgliedstaaten und Institutionen Europas sowie anderer Akteure. Zusammen schaffen sie ein Umfeld, in dem die W\u00fcrde und die Menschenrechte von Migrant:innen gef\u00e4hrdet sind.<\/p>\n\n\n\n<h2 class=\"wp-block-heading\">Frontex festigt die imperiale Weltordnung.<\/h2>\n\n\n\n<p>Bis heute unterdr\u00fcckt Europa Menschen und Staaten aus dem Globalen S\u00fcden. Viele in Europa f\u00fchlen sich Menschen aus dem Globalen S\u00fcden \u00fcberlegen und es sei daher kein Problem, den Rest der Welt anders zu behandeln und auszubeuten. Durch die Grenzgewalt der Frontex werden die asymmetrischen Welthandelsbeziehungen und die imperiale Weltordnung zwischen Menschen und Staaten des Schengenraums und jenen des Globalen S\u00fcdens immer wieder erneuert und fortgesetzt.<\/p>\n\n\n\n<h2 class=\"wp-block-heading\">Frontex st\u00e4rkt den diskriminierenden Ausschluss vom Europ\u00e4ischen Arbeitsmarkt.<\/h2>\n\n\n\n<p>W\u00e4hrend sich europ\u00e4ische Arbeiter:innen innerhalb des Schengenraums \u00fcberall Arbeit suchen k\u00f6nnen und mit einem Arbeitsvertag ein Bleiberecht erhalten, sind Arbeiter:innen aus dem Globalen S\u00fcden vom europ\u00e4ischen Arbeitsmarkt ausgeschlossen. Und selbst wenn sie als Sans-Papiers einen Job finden und jahrelang hart arbeiten, bedeutet dies kein Bleiberecht. Frontex setzt diesen diskriminierenden Ausschluss an der Schengenaussengrenze mit Gewalt durch. Bei der Einreise an der Grenze und immer \u00f6fters auch bei der Ausreise aufgrund einer Abschiebung.<\/p>\n\n\n\n<h2 class=\"wp-block-heading\">Frontex verwandelt Grenzgebiete in militarisierte Gebiete.<\/h2>\n\n\n\n<p>Dort wo die Frontex auftaucht, werden oft auch Grenzz\u00e4une oder Mauern errichtet. Drohnen und Kameras \u00fcberwachen alles. Bewaffnete Grenzpolizist:innen patrouillieren und f\u00fchren gewaltvolle Operationen wie z.B Pushbacks durch. Das Leben in diesen Gebieten wird immer st\u00e4rker von \u00dcberwachung und Grenzgewalt gepr\u00e4gt. Auf dem Balkan, in der \u00c4g\u00e4is, in Nordafrika oder den Kanaren wurden dadurch lokale Gemeinschaften und Lebensr\u00e4ume zerst\u00f6rt.<\/p>\n\n\n\n<h2 class=\"wp-block-heading\">Frontex verhindert Bewegungsfreiheit f\u00fcr alle.<\/h2>\n\n\n\n<p>Die Gewalt der Frontex an den Schengen-Aussengrenzen macht aus Europa eine Festung. Die meisten Menschen aus Europa erhalten f\u00fcr fast alle Staaten weltweit ein Visum und k\u00f6nnen sich sehr frei bewegen. Anders ist es f\u00fcr Menschen aus dem Globalen S\u00fcden. Ihre Bewegungsfreiheit ist eingeschr\u00e4nkt. Je mehr sie sich Richtung Europa bewegen, desto st\u00e4rker sind Reisen aus Neugier, Migration f\u00fcr Arbeit und sogar Flucht illegalisiert, extrem gef\u00e4hrlich und unbezahlbar teuer.<\/p>\n\n\n\n<h2 class=\"wp-block-heading\">Frontex erschwert weltweit freie, gleichberechtigte und solidarische Beziehungen.<\/h2>\n\n\n\n<p>Dabei verlangen globale Herausforderungen wie Klima, Pandemie, Krieg, Armut oder Hunger nachhaltige Antworten, die auf weltweiter Solidarit\u00e4t, Gleichberechtigung und Freiheit aufbauen, statt auf Konkurrenz, Ausbeutung und Mackereien zwischen Menschen und Staaten. Die Grenzgewalt, die \u00dcberwachung, die Abschiebungen der Frontex zerreisen, erschweren und verhindern zudem systematisch Liebesbeziehungen, Freundschaften oder (gew\u00e4hlte) Familien zwischen Menschen aus dem Globalen S\u00fcden und Norden. Stattdessen begegnen und bezeichnen sich Menschen aus den beiden Weltgegenden als fremd.<\/p>\n\n\n\n<h2 class=\"wp-block-heading\">Frontex stellt Migration als Gefahr dar.<\/h2>\n\n\n\n<p>Frontexbeamt:innen tragen Waffen und f\u00fchren polizeiliche, fast milit\u00e4rische Operationen durch. Sie schreiben lange Risikoanalysen und sprechen st\u00e4ndig von Sicherheit. So entsteht bei vielen das Gef\u00fchl, Europa stehe unter Druck und m\u00fcsse sich vor einer Gefahr \u00abvon Aussen\u00bb sch\u00fctzen. Dieses Vorurteil f\u00fchrt dazu, dass viele Menschen und Staaten im Schengenraum nationalistische Solidarit\u00e4t \u00abgegen Innen\u00bb wichtiger einstufen, als weltweite grenzenlose Solidarit\u00e4t.<\/p>\n\n\n\n<h2 class=\"wp-block-heading\">Frontex erschwert \u00abDefund Police\u00bb.<\/h2>\n\n\n\n<p>Um Racial Profiling und rassistische Gewalt der Polizei zu bek\u00e4mpfen, fordert die Black-Lives-Matter-Bewegung weniger Geld, weniger Personal, weniger Ausr\u00fcstung und weniger Sonderrechte f\u00fcr die Polizei. Das gilt auch f\u00fcr die Frontex. Ihr Budget ist seit der Gr\u00fcndung um 7000% gestiegen. Es arbeiten immer mehr Polizist:innen mit immer mehr Befugnissen f\u00fcr die Frontex. Sie hat auch immer ausgekl\u00fcgeltere Ausr\u00fcstung. All dies steht zur Verf\u00fcgung, damit rassismusprivilegierte Polizist:innen an der Grenze des Schengenraums effizient, systematisch und gewaltvoll gegen rassismusdiskriminierte Menschen vorgehen.<\/p>\n\n\n\n<h2 class=\"wp-block-heading\">Frontex f\u00fchrt zu Militarisierung und zu unsicheren Migrationsrouten.<\/h2>\n\n\n\n<p>Frontex sorgt gem\u00e4ss eigenen Angaben f\u00fcr Sicherheit. Doch Sicherheit f\u00fcr wen? Was bedeuten die bewaffneten Operationen der bald 10&#8217;000 Frontex-Beamt:innen an den Aussengrenzen Europas? Die Drohneneins\u00e4tze? Die digitalen Datenerfassungen und -systeme zur \u00dcberwachung? F\u00fcr Migrant:innen und Fl\u00fcchtende, die in Richtung Europa unterwegs sind heisst dies: Mehr Tod, mehr Leid und mehr Entrechtung. Sicherheit stirbt mit Sicherheit.<\/p>\n\n\n\n<h2 class=\"wp-block-heading\">Frontex schadet dem Klimaschutz.<\/h2>\n\n\n\n<p>\u00dcberschwemmungen, D\u00fcrren, St\u00fcrme, die sich aufgrund von Klimawandel h\u00e4ufen, treffen vorwiegend den Globalen S\u00fcden. Um solche Klimakrisen zu bew\u00e4ltigen, br\u00e4uchte es grenzenloses Zusammenspannen von allen auf dieser Welt. Frontex erschwert dies. Sie treibt einen Keil zwischen die Staaten und Menschen mit \u00fcberm\u00e4ssig grossem \u00f6kologischen Fussabruck und jenen im Globelen S\u00fcden, die von den \u00f6kologischen Folgen des imperialen Lebensstils im Globalen Norden betroffen sind.<\/p>\n\n\n\n<h2 class=\"wp-block-heading\">Frontex treibt den CO2-Ausstoss in die H\u00f6he.<\/h2>\n\n\n\n<p>Klimaschutz ist nicht nur eine individuelle, sondern vor allem eine gemeinsame Aufgabe. Frontex ist Teil vom weltweiten, milit\u00e4risch-industriellen Komplex. Dieser hat einen riesigen \u00f6kologischen Fussabdruck und tr\u00e4gt durch \u00fcberm\u00e4ssigen \u00d6lverbrauch zum CO2-Ausstoss bei. W\u00e4hrend des Zweiten Weltkriegs verbrauchte die US-Armee eine Gallone Benzin (3,7 Liter) pro Person und Tag. Im Vietnamkrieg waren es neun Gallonen, bei der Operation \u00abW\u00fcstenstrom\u00bb zehn Gallonen und im Zweiten Golfkrieg f\u00fcnfzehn Gallonen. Die heutigen Milit\u00e4rtechnologien erreichen ungeahnte Ausmasse des Energieverbrauchs.<\/p>\n<\/div><\/div>\n\n\n\n<p><\/p>\n","protected":false},"excerpt":{"rendered":"<p>Migrant Solidarity Network<\/p>\n","protected":false},"author":6,"featured_media":0,"comment_status":"open","ping_status":"closed","sticky":false,"template":"","format":"standard","meta":{"inline_featured_image":false,"neve_meta_sidebar":"full-width","neve_meta_container":"full-width","neve_meta_enable_content_width":"","neve_meta_content_width":0,"neve_meta_title_alignment":"","neve_meta_author_avatar":"","neve_post_elements_order":"[\"content\",\"related-posts\"]","neve_meta_disable_header":"","neve_meta_disable_footer":"","neve_meta_disable_title":"","neve_meta_reading_time":"","_EventAllDay":false,"_EventTimezone":"","_EventStartDate":"","_EventEndDate":"","_EventStartDateUTC":"","_EventEndDateUTC":"","_EventShowMap":false,"_EventShowMapLink":false,"_EventURL":"","_EventCost":"","_EventCostDescription":"","_EventCurrencySymbol":"","_EventCurrencyCode":"","_EventCurrencyPosition":"","_EventDateTimeSeparator":"","_EventTimeRangeSeparator":"","_EventOrganizerID":[],"_EventVenueID":[],"_OrganizerEmail":"","_OrganizerPhone":"","_OrganizerWebsite":"","_VenueAddress":"","_VenueCity":"","_VenueCountry":"","_VenueProvince":"","_VenueState":"","_VenueZip":"","_VenuePhone":"","_VenueURL":"","_VenueStateProvince":"","_VenueLat":"","_VenueLng":"","_VenueShowMap":false,"_VenueShowMapLink":false,"footnotes":""},"categories":[31],"tags":[],"class_list":["post-1775","post","type-post","status-publish","format-standard","hentry","category-kommentar"],"jetpack_sharing_enabled":true,"jetpack_featured_media_url":"","_links":{"self":[{"href":"https:\/\/frontex-referendum.ch\/it\/wp-json\/wp\/v2\/posts\/1775","targetHints":{"allow":["GET"]}}],"collection":[{"href":"https:\/\/frontex-referendum.ch\/it\/wp-json\/wp\/v2\/posts"}],"about":[{"href":"https:\/\/frontex-referendum.ch\/it\/wp-json\/wp\/v2\/types\/post"}],"author":[{"embeddable":true,"href":"https:\/\/frontex-referendum.ch\/it\/wp-json\/wp\/v2\/users\/6"}],"replies":[{"embeddable":true,"href":"https:\/\/frontex-referendum.ch\/it\/wp-json\/wp\/v2\/comments?post=1775"}],"version-history":[{"count":15,"href":"https:\/\/frontex-referendum.ch\/it\/wp-json\/wp\/v2\/posts\/1775\/revisions"}],"predecessor-version":[{"id":3249,"href":"https:\/\/frontex-referendum.ch\/it\/wp-json\/wp\/v2\/posts\/1775\/revisions\/3249"}],"wp:attachment":[{"href":"https:\/\/frontex-referendum.ch\/it\/wp-json\/wp\/v2\/media?parent=1775"}],"wp:term":[{"taxonomy":"category","embeddable":true,"href":"https:\/\/frontex-referendum.ch\/it\/wp-json\/wp\/v2\/categories?post=1775"},{"taxonomy":"post_tag","embeddable":true,"href":"https:\/\/frontex-referendum.ch\/it\/wp-json\/wp\/v2\/tags?post=1775"}],"curies":[{"name":"wp","href":"https:\/\/api.w.org\/{rel}","templated":true}]}}