{"id":1470,"date":"2021-11-17T23:00:45","date_gmt":"2021-11-17T22:00:45","guid":{"rendered":"https:\/\/frontex-referendum.ch\/?p=1470"},"modified":"2022-01-07T22:58:35","modified_gmt":"2022-01-07T21:58:35","slug":"das-problem-an-frontex","status":"publish","type":"post","link":"https:\/\/frontex-referendum.ch\/it\/2021\/11\/17\/das-problem-an-frontex\/","title":{"rendered":"Das Problem an Frontex"},"content":{"rendered":"\n<div class=\"wp-block-group af-article-head\"><div class=\"wp-block-group__inner-container is-layout-flow wp-block-group-is-layout-flow\">\n<h1 class=\"wp-block-heading\">Das Problem an Frontex<\/h1>\n<\/div><\/div>\n\n\n\n<div class=\"wp-block-group af-article-body af-links--soft\"><div class=\"wp-block-group__inner-container is-layout-flow wp-block-group-is-layout-flow\">\n<div class=\"wp-block-group af-article-body__meta\"><div class=\"wp-block-group__inner-container is-layout-flow wp-block-group-is-layout-flow\"><div class=\"wp-block-post-date\"><time datetime=\"2021-11-17T23:00:45+01:00\">17. Novembre 2021<\/time><\/div>\n\n\n<p>Ein Beitrag der politischen Themensendung <a rel=\"noreferrer noopener\" href=\"https:\/\/polyphon-rabe.ch\" target=\"_blank\">Polyphon<\/a> (41 Minuten)<\/p>\n<\/div><\/div>\n\n\n\n<figure class=\"wp-block-embed is-type-rich is-provider-soundcloud wp-block-embed-soundcloud\"><div class=\"wp-block-embed__wrapper\">\n<iframe loading=\"lazy\" title=\"Das Problem an Frontex by Radio Bern RaBe (OFFICIAL)\" width=\"1200\" height=\"400\" scrolling=\"no\" frameborder=\"no\" src=\"https:\/\/w.soundcloud.com\/player\/?visual=true&#038;url=https%3A%2F%2Fapi.soundcloud.com%2Ftracks%2F1161851146&#038;show_artwork=true&#038;maxheight=1000&#038;maxwidth=1200\"><\/iframe>\n<\/div><\/figure>\n\n\n\n<p>Im Oktober 2021 hat das Schweizer Parlament entschieden, die Europ\u00e4ische Grenzschutzagentur Frontex mit 61 Millionen Franken j\u00e4hrlich zu st\u00e4rken. Hinter dem Begriff \u00abGrenzschutz\u00bb stehen gewaltvolle Operationen mit bewaffneten Grenzpolizist:innen, Drohneneins\u00e4tzen, Datenerfassung und -systemen zur \u00dcberwachung an den Aussengrenzen von Europa. <\/p>\n\n\n\n<div style=\"height:100px\" aria-hidden=\"true\" class=\"wp-block-spacer af-spacer-m\"><\/div>\n\n\n\n<p class=\"has-medium-font-size\">Mit dem Geld aus der Schweiz soll Frontex Europa gewaltvoll abschotten und Flucht und Migration unsicherer machen.<\/p>\n\n\n\n<div style=\"height:100px\" aria-hidden=\"true\" class=\"wp-block-spacer af-spacer-m\"><\/div>\n\n\n\n<p>Das Geld aus der Schweiz f\u00fchrt zu mehr Toten im Mittelmeer, mehr Folter in Libyen, mehr illegalen Pushbacks, Grenzgewalt und Leid auf der Balkanroute oder in der \u00c4g\u00e4is. Auch nach der langen Reise und nach teilweise jahrelangem Leben innerhalb von Europa ist f\u00fcr viele die Gefahr nicht vorbei: es droht das Leben in gef\u00e4ngnis\u00e4hnlichen Camps oder gar die zwangsweise oder \u00abfreiwillige\u00bb R\u00fcckf\u00fchrung. Frontex spielt eine zentrale Rolle in diesem Prozess der Entrechtung und der Entw\u00fcrdigung durch Abschiebungen.<\/p>\n<\/div><\/div>\n","protected":false},"excerpt":{"rendered":"<p>Polyphon<\/p>\n","protected":false},"author":6,"featured_media":0,"comment_status":"open","ping_status":"closed","sticky":false,"template":"","format":"standard","meta":{"inline_featured_image":false,"neve_meta_sidebar":"full-width","neve_meta_container":"full-width","neve_meta_enable_content_width":"","neve_meta_content_width":0,"neve_meta_title_alignment":"","neve_meta_author_avatar":"","neve_post_elements_order":"[\"content\",\"related-posts\"]","neve_meta_disable_header":"","neve_meta_disable_footer":"","neve_meta_disable_title":"","neve_meta_reading_time":"","_EventAllDay":false,"_EventTimezone":"","_EventStartDate":"","_EventEndDate":"","_EventStartDateUTC":"","_EventEndDateUTC":"","_EventShowMap":false,"_EventShowMapLink":false,"_EventURL":"","_EventCost":"","_EventCostDescription":"","_EventCurrencySymbol":"","_EventCurrencyCode":"","_EventCurrencyPosition":"","_EventDateTimeSeparator":"","_EventTimeRangeSeparator":"","_EventOrganizerID":[],"_EventVenueID":[],"_OrganizerEmail":"","_OrganizerPhone":"","_OrganizerWebsite":"","_VenueAddress":"","_VenueCity":"","_VenueCountry":"","_VenueProvince":"","_VenueState":"","_VenueZip":"","_VenuePhone":"","_VenueURL":"","_VenueStateProvince":"","_VenueLat":"","_VenueLng":"","_VenueShowMap":false,"_VenueShowMapLink":false,"footnotes":""},"categories":[31],"tags":[],"class_list":["post-1470","post","type-post","status-publish","format-standard","hentry","category-kommentar"],"jetpack_sharing_enabled":true,"jetpack_featured_media_url":"","_links":{"self":[{"href":"https:\/\/frontex-referendum.ch\/it\/wp-json\/wp\/v2\/posts\/1470","targetHints":{"allow":["GET"]}}],"collection":[{"href":"https:\/\/frontex-referendum.ch\/it\/wp-json\/wp\/v2\/posts"}],"about":[{"href":"https:\/\/frontex-referendum.ch\/it\/wp-json\/wp\/v2\/types\/post"}],"author":[{"embeddable":true,"href":"https:\/\/frontex-referendum.ch\/it\/wp-json\/wp\/v2\/users\/6"}],"replies":[{"embeddable":true,"href":"https:\/\/frontex-referendum.ch\/it\/wp-json\/wp\/v2\/comments?post=1470"}],"version-history":[{"count":12,"href":"https:\/\/frontex-referendum.ch\/it\/wp-json\/wp\/v2\/posts\/1470\/revisions"}],"predecessor-version":[{"id":3251,"href":"https:\/\/frontex-referendum.ch\/it\/wp-json\/wp\/v2\/posts\/1470\/revisions\/3251"}],"wp:attachment":[{"href":"https:\/\/frontex-referendum.ch\/it\/wp-json\/wp\/v2\/media?parent=1470"}],"wp:term":[{"taxonomy":"category","embeddable":true,"href":"https:\/\/frontex-referendum.ch\/it\/wp-json\/wp\/v2\/categories?post=1470"},{"taxonomy":"post_tag","embeddable":true,"href":"https:\/\/frontex-referendum.ch\/it\/wp-json\/wp\/v2\/tags?post=1470"}],"curies":[{"name":"wp","href":"https:\/\/api.w.org\/{rel}","templated":true}]}}