{"id":1430,"date":"2021-11-17T12:32:14","date_gmt":"2021-11-17T11:32:14","guid":{"rendered":"https:\/\/frontex-referendum.ch\/?p=1430"},"modified":"2022-01-07T22:58:59","modified_gmt":"2022-01-07T21:58:59","slug":"menschenrechte-fehlanzeige-frontex-und-die-situation-in-polen-und-belarus","status":"publish","type":"post","link":"https:\/\/frontex-referendum.ch\/it\/2021\/11\/17\/menschenrechte-fehlanzeige-frontex-und-die-situation-in-polen-und-belarus\/","title":{"rendered":"Menschenrechte? Fehlanzeige! Frontex und die Situation in Polen und Belarus"},"content":{"rendered":"\n<div class=\"wp-block-group af-article-head\"><div class=\"wp-block-group__inner-container is-layout-flow wp-block-group-is-layout-flow\">\n<h1 class=\"wp-block-heading\">Menschenrechte? Fehlanzeige! Frontex und die Situation in Polen und Belarus<\/h1>\n<\/div><\/div>\n\n\n\n<div class=\"wp-block-group af-article-body af-links--soft\"><div class=\"wp-block-group__inner-container is-layout-flow wp-block-group-is-layout-flow\">\n<div class=\"wp-block-group af-article-body__meta\"><div class=\"wp-block-group__inner-container is-layout-flow wp-block-group-is-layout-flow\"><div class=\"wp-block-post-date\"><time datetime=\"2021-11-17T12:32:14+01:00\">17. Novembre 2021<\/time><\/div>\n\n\n<p>Von Lorenz Naegeli<\/p>\n<\/div><\/div>\n\n\n\n<p><a rel=\"noreferrer noopener\" href=\"https:\/\/www.swissinfo.ch\/eng\/eu-must-prepare-for-more-migrants-trying-to-enter--border-agency-chief-says\/47107588\" target=\"_blank\">Laut Medienberichten<\/a> plant Frontex <a rel=\"noreferrer noopener\" href=\"https:\/\/twitter.com\/NikolajNielsen\/status\/1458826426329845765\" target=\"_blank\">die Ausschaffung von ungef\u00e4hr 1700 irakischen Staatsangeh\u00f6rigen<\/a> die derzeit in Polen feststecken. Es handelt sich dabei um Personen, die erst k\u00fcrzlich die militarisierte Grenzregion zwischen EU-Mitgliedstaat Polen und Belarus \u00fcberquert haben. An der Grenze zwischen Belarus und Polen spitzt sich die Situation derweil weiter zu: Mehrere hundert bis tausend Personen harren zum Teil seit Wochen in der bewaldeten Grenzregion aus. Die einzige Antwort von Europa? Stacheldraht, Milit\u00e4r und brutale Pushbacks, anstatt rasche Aufnahme und Hilfe.<\/p>\n\n\n\n<p>Und jene, die es \u00fcber die Grenze auf EU-Territorium geschafft haben, sollen nun also kurzerhand zur\u00fcckgeschafft werden. Unter dem derzeitigen Vorgehen Polens, das einzig auf v\u00f6llige Abschottung setzt und die Grenze militarisiert,&nbsp;ist es unwahrscheinlich, dass die wartenden&nbsp;Menschen in so kurzer Zeit ein faires Asylverfahren erhalten haben. Und nun soll Frontex die Leute aus Polen wieder ausschaffen. Das w\u00e4ren Massenpushbacks, ausgef\u00fchrt durch die EU-Grenzschutzagentur Frontex.<\/p>\n\n\n\n<p>Laut EU-Kommission stehe&nbsp;Frontex auch f\u00fcr Eins\u00e4tze in der Grenzregion selber bereit, aber Polen wehrt sich nach wie vor gegen EU-Unterst\u00fctzung. Das Frontex die polnischen Sicherheitskr\u00e4fte unterst\u00fctzen will, \u00fcberrascht nicht, hat Frontex-Direktor Leggeri das brutale Vorgehen der polnischen Truppen bereits vor Wochen in vollen T\u00f6nen gelobt: \u00abExekutivdirektor Leggeri [&#8230;] zeigte sich beeindruckt von den Mitteln, die zur Sicherung der Grenze eingesetzt werden. Er dankte Polen auch f\u00fcr die Zusammenarbeit mit Frontex seit Beginn der Krise durch den st\u00e4ndigen Informationsaustausch und die Bereitstellung von Daten \u00fcber die Situation am polnischen Abschnitt der Aussengrenze f\u00fcr die Agentur\u00bb, <a rel=\"noreferrer noopener\" href=\"https:\/\/frontex.europa.eu\/media-centre\/news\/news-release\/frontex-executive-director-visits-poland-s-border-with-belarus-LAS4dG\" target=\"_blank\">heisst es in einer Mitteilung der Agentur.<\/a>&nbsp;<\/p>\n\n\n\n<p>Die brutale und gegen das Recht auf Asyl verstossende Abwehrpolitik von Polen wird aus den ersten Reihen von Frontex gelobt. Die Toten und das Leid, die diese Politik auf beiden Seiten der Grenze produziert, werden derweil mit keinem Wort bedauert. Die Situation der Menschenrechte? Die ist Leggeri keine Zeile wert.&nbsp;<\/p>\n\n\n\n<p>Frontex w\u00fcrde mit den Massenr\u00fcckf\u00fchrugen erneut nicht f\u00fcr&nbsp;Menschenrechte einstehen\u200b\u200b\u200b\u200b\u200b\u200b\u200b, sondern dabei helfen, die europ\u00e4ische Abschottungspolitik mit Gewalt durchzusetzen &#8211; <a href=\"https:\/\/www.nau.ch\/politik\/bundeshaus\/fluchtlingskrise-an-polnischer-grenze-schweiz-schaut-hilflos-zu-66042440\" target=\"_blank\" rel=\"noreferrer noopener\">mitfinanziert durch die Schweiz, die der Situation teilnahmslos zuschaut.<\/a><\/p>\n\n\n\n<p>Wir haben bei der Frontex-Pressestelle und der Eidgen\u00f6ssischen Zollverwaltung nachgefragt: Was genau ist die Rolle von Frontex bei den geplanten Ausschaffungen, auf welcher Grundlage planen sie diese \u00fcberhaupt? Und welche Rolle spielt dabei die Schweiz? Updates folgen auf diesem Blog.&nbsp;<\/p>\n<\/div><\/div>\n","protected":false},"excerpt":{"rendered":"<p>Lorenz Naegeli<\/p>\n","protected":false},"author":6,"featured_media":0,"comment_status":"open","ping_status":"closed","sticky":false,"template":"","format":"standard","meta":{"inline_featured_image":false,"neve_meta_sidebar":"full-width","neve_meta_container":"full-width","neve_meta_enable_content_width":"","neve_meta_content_width":0,"neve_meta_title_alignment":"","neve_meta_author_avatar":"","neve_post_elements_order":"[\"content\",\"related-posts\"]","neve_meta_disable_header":"","neve_meta_disable_footer":"","neve_meta_disable_title":"","neve_meta_reading_time":"","_EventAllDay":false,"_EventTimezone":"","_EventStartDate":"","_EventEndDate":"","_EventStartDateUTC":"","_EventEndDateUTC":"","_EventShowMap":false,"_EventShowMapLink":false,"_EventURL":"","_EventCost":"","_EventCostDescription":"","_EventCurrencySymbol":"","_EventCurrencyCode":"","_EventCurrencyPosition":"","_EventDateTimeSeparator":"","_EventTimeRangeSeparator":"","_EventOrganizerID":[],"_EventVenueID":[],"_OrganizerEmail":"","_OrganizerPhone":"","_OrganizerWebsite":"","_VenueAddress":"","_VenueCity":"","_VenueCountry":"","_VenueProvince":"","_VenueState":"","_VenueZip":"","_VenuePhone":"","_VenueURL":"","_VenueStateProvince":"","_VenueLat":"","_VenueLng":"","_VenueShowMap":false,"_VenueShowMapLink":false,"footnotes":""},"categories":[31],"tags":[],"class_list":["post-1430","post","type-post","status-publish","format-standard","hentry","category-kommentar"],"jetpack_sharing_enabled":true,"jetpack_featured_media_url":"","_links":{"self":[{"href":"https:\/\/frontex-referendum.ch\/it\/wp-json\/wp\/v2\/posts\/1430","targetHints":{"allow":["GET"]}}],"collection":[{"href":"https:\/\/frontex-referendum.ch\/it\/wp-json\/wp\/v2\/posts"}],"about":[{"href":"https:\/\/frontex-referendum.ch\/it\/wp-json\/wp\/v2\/types\/post"}],"author":[{"embeddable":true,"href":"https:\/\/frontex-referendum.ch\/it\/wp-json\/wp\/v2\/users\/6"}],"replies":[{"embeddable":true,"href":"https:\/\/frontex-referendum.ch\/it\/wp-json\/wp\/v2\/comments?post=1430"}],"version-history":[{"count":15,"href":"https:\/\/frontex-referendum.ch\/it\/wp-json\/wp\/v2\/posts\/1430\/revisions"}],"predecessor-version":[{"id":3252,"href":"https:\/\/frontex-referendum.ch\/it\/wp-json\/wp\/v2\/posts\/1430\/revisions\/3252"}],"wp:attachment":[{"href":"https:\/\/frontex-referendum.ch\/it\/wp-json\/wp\/v2\/media?parent=1430"}],"wp:term":[{"taxonomy":"category","embeddable":true,"href":"https:\/\/frontex-referendum.ch\/it\/wp-json\/wp\/v2\/categories?post=1430"},{"taxonomy":"post_tag","embeddable":true,"href":"https:\/\/frontex-referendum.ch\/it\/wp-json\/wp\/v2\/tags?post=1430"}],"curies":[{"name":"wp","href":"https:\/\/api.w.org\/{rel}","templated":true}]}}