{"id":6103,"date":"2022-04-29T21:57:25","date_gmt":"2022-04-29T19:57:25","guid":{"rendered":"https:\/\/frontex-referendum.ch\/?p=6103"},"modified":"2022-04-29T21:59:44","modified_gmt":"2022-04-29T19:59:44","slug":"stellungnahme-zu-den-neusten-recherchen-zur-beteiligung-von-frontex-bei-illegalen-pushbacks","status":"publish","type":"post","link":"https:\/\/frontex-referendum.ch\/fr\/2022\/04\/29\/stellungnahme-zu-den-neusten-recherchen-zur-beteiligung-von-frontex-bei-illegalen-pushbacks\/","title":{"rendered":"Stellungnahme zu den neusten Recherchen zur Beteiligung von Frontex bei illegalen Pushbacks"},"content":{"rendered":"\n<div class=\"wp-block-group af-article-head\"><div class=\"wp-block-group__inner-container is-layout-flow wp-block-group-is-layout-flow\">\n<h1 class=\"wp-block-heading\">Stellungnahme zu den neusten Recherchen zur Beteiligung von Frontex bei illegalen Pushbacks<\/h1>\n\n\n\n<p class=\"has-medium-font-size\"><a href=\"https:\/\/cdn.repub.ch\/pdf\/2022\/04\/27\/inside-frontex-die-geheime-datenbank-der-eu.pdf\" target=\"_blank\" rel=\"noreferrer noopener\">Recherchen<\/a> best\u00e4tigen erneut und mit neuen Beweisen, was Betroffene und Aktivist:innen seit Jahren berichten \u2013 Frontex spielt eine zentrale Rolle bei illegalen R\u00fcckf\u00fchrungen.<\/p>\n<\/div><\/div>\n\n\n\n<div class=\"wp-block-group af-article-body af-links--soft\"><div class=\"wp-block-group__inner-container is-layout-flow wp-block-group-is-layout-flow\">\n<div class=\"wp-block-group af-article-body__meta\"><div class=\"wp-block-group__inner-container is-layout-flow wp-block-group-is-layout-flow\"><div class=\"wp-block-post-date\"><time datetime=\"2022-04-29T21:57:25+02:00\">29. avril 2022<\/time><\/div>\n\n\n<p>Vom NoFrontex-Referendumskomitee<\/p>\n<\/div><\/div>\n\n\n\n<p>Es ist die massiv ausgebaute Frontex-\u00dcberwachungsstruktur, die Ausgangspunkt vieler Pushbacks ist. Frontex sp\u00fcrt Boote oder Menschengruppen auf, die die Grenze \u00fcberquert haben und informiert dann die lokalen Grenzbeh\u00f6rden. Diese schicken ihre Kommandos los, die den Pushback durchf\u00fchren \u2013 von Griechenland in die T\u00fcrkei, aber auch vom Mittelmeer nach Libyen. Wichtig dabei: Frontex leitet die Informationen weiter im vollen Wissen \u00fcber die Folgen. Dadurch macht sich Frontex zum R\u00fcckgrat der Pushback-Praxis. Ohne Frontex w\u00e4re diese in ihrem heutigen Ausmass nicht m\u00f6glich.<\/p>\n\n\n\n<p>Es ist wahrscheinlich, dass auch CH-Grenzbeamt:innen an dieser Praxis beteiligt sind. Denn an der griechisch-t\u00fcrkischen Landgrenze, in der Evros-Region, kommen Grenzbeamt:innen aus der Schweiz zum Einsatz \u2013 auch in mobilen Einsatzteams. Was, wenn diese die griechischen Einsatzkr\u00e4fte \u00fcber die Standorte migrantischer Gruppen informieren und diese in der Folge zur\u00fcckgepusht werden? Ein illegaler Pushback auf Kosten der Schweiz.<\/p>\n\n\n\n<p>Dennoch fordern die Bef\u00fcrworter:innen von Frontex deren Ausbau. Im Beitrag von SRF kommt Werner Salzmann ausf\u00fchrlich zu Wort: Frontex habe zu wenig Personal, sagt er und spricht davon, dass der Frontex-Ausbau den Grundrechtsschutz st\u00e4rke. Ein beliebtes Argument der Bef\u00fcrworter:innen. Doch das stimmt nicht. Die neue Verordnung zementiert <a href=\"https:\/\/frontex-referendum.ch\/2021\/12\/18\/ein-feigenblatt-das-frontex-rechenschaftssystem\/\">das alte System, das als Feigenblatt funktioniert<\/a> und die Politik des Wegschauens, Vertuschens und der R\u00fcckf\u00fchrungen erst erm\u00f6glicht. Die Frontex-Kontrollmechanismen f\u00fchren weder zu einer verbindlichen Rechenschaftspflicht noch zu einer effektiven Kontrolle der Arbeit an den Grenzen. Wie kann es sein, dass eine Agentur mit mehreren hundert Millionen Budget, die seit Jahren mit systematischen und schweren Menschenrechtsverletzungen in Verbindung steht, keine verbindlichen Kontrollmechanismen hat? Das ist kein Zufall; es ist politisches Kalk\u00fcl, das weiterhin bestehen soll. \u00abEiner der gr\u00f6ssten Schwachpunkte des <a href=\"https:\/\/frontex-referendum.ch\/it\/2021\/12\/18\/ein-feigenblatt-das-frontex-rechenschaftssystem\/\">Systems der Rechenschaftspflicht<\/a> besteht jedoch gerade darin, dass es sich auf Mechanismen st\u00fctzt, die Frontex-intern und rechtlich gesehen nicht unabh\u00e4ngig sind\u00bb, schreibt Migrationsforscherin Lena Karamanidou. Die Agentur festigt dadurch die Kontrolle \u00fcber sich selber \u2013 und damit auch ihre Unkontrollierbarkeit.<\/p>\n\n\n\n<p>Seit Wochen fordern wir vom Bundesamt f\u00fcr Zoll und Grenzsicherheit Transparenz und aktive Aufkl\u00e4rung \u00fcber die Haltung und Rolle der Vertreter:innen der Schweiz bei der Vertuschung von Pushbacks im Verwaltungsrat. Ueli Maurer sagt, die Schweiz wolle bei Frontex \u00abEinsitz nehmen\u00bb um den Menschenrechtsschutz zu verbessern. Die Schweiz h\u00e4tte seit 2009 die M\u00f6glichkeit gehabt, sich f\u00fcr Verbesserungen stark zu machen \u2013 bis heute bleiben das reine Lippenbekenntnisse. Solange die Beh\u00f6rden trotz intensiver Nachfrage nicht den Gegenbeweis antreten, muss davon ausgegangen werden, dass sie sich im Rahmen ihrer Frontex-T\u00e4tigkeiten weder aktiv noch effektiv gegen\u00fcber Menschenrechtsverst\u00f6ssen verhalten haben.<\/p>\n\n\n\n<p>957 Menschen wurden alleine in der \u00c4g\u00e4is auf dem Meer ausgesetzt \u2013 unter direkter und indirekter Beteiligung von Frontex, mitfinanziert durch die Schweiz. Doch das ist nur die Spitze des Eisbergs. Insgesamt d\u00fcrften es unz\u00e4hlige mehr sein.<\/p>\n\n\n\n<p>Heute wurde zudem publik, <a href=\"https:\/\/www.politico.eu\/newsletter\/brussels-playbook\/trouble-at-frontex-ruble-roulette-jeppes-replacement\/\" target=\"_blank\" rel=\"noreferrer noopener\">dass Frontex-Chef Fabrice Leggeri sich dem \u00f6ffentlichen Druck beugt und voraussichtlich seinen Posten r\u00e4umen wird<\/a>. Ein Erfolg f\u00fcr all die Menschen und Organisationen, die sich in den letzten Jahren gegen Frontex eingesetzt haben. Gleichzeitig ist Leggeri nicht allein verantwortlich daf\u00fcr, dass Frontex bei Pushbacks wegschaut und Gewalt gegen Gefl\u00fcchtete vertuscht. Das Problem liegt in der Struktur von Frontex selbst sowie an den politischen Entscheidungen europ\u00e4ischer Staaten, die Frontex ihren Auftrag geben: Europa abzuschotten. Der R\u00fccktritt von Leggeri reicht nicht, es ist die t\u00f6dliche Abschottungspolitik und die Schweizer Beteiligung daran, die endlich ein Ende haben muss.<\/p>\n<\/div><\/div>\n","protected":false},"excerpt":{"rendered":"<p>NoFrontex-Referendumskomitee<\/p>\n","protected":false},"author":4,"featured_media":0,"comment_status":"closed","ping_status":"closed","sticky":false,"template":"","format":"standard","meta":{"inline_featured_image":false,"neve_meta_sidebar":"full-width","neve_meta_container":"full-width","neve_meta_enable_content_width":"","neve_meta_content_width":0,"neve_meta_title_alignment":"","neve_meta_author_avatar":"","neve_post_elements_order":"[\"content\",\"related-posts\"]","neve_meta_disable_header":"","neve_meta_disable_footer":"","neve_meta_disable_title":"","neve_meta_reading_time":"","_EventAllDay":false,"_EventTimezone":"","_EventStartDate":"","_EventEndDate":"","_EventStartDateUTC":"","_EventEndDateUTC":"","_EventShowMap":false,"_EventShowMapLink":false,"_EventURL":"","_EventCost":"","_EventCostDescription":"","_EventCurrencySymbol":"","_EventCurrencyCode":"","_EventCurrencyPosition":"","_EventDateTimeSeparator":"","_EventTimeRangeSeparator":"","_EventOrganizerID":[],"_EventVenueID":[0],"_OrganizerEmail":"","_OrganizerPhone":"","_OrganizerWebsite":"","_VenueAddress":"","_VenueCity":"","_VenueCountry":"","_VenueProvince":"","_VenueState":"","_VenueZip":"","_VenuePhone":"","_VenueURL":"","_VenueStateProvince":"","_VenueLat":"","_VenueLng":"","_VenueShowMap":false,"_VenueShowMapLink":false,"footnotes":""},"categories":[31],"tags":[],"class_list":["post-6103","post","type-post","status-publish","format-standard","hentry","category-kommentar"],"jetpack_sharing_enabled":true,"jetpack_featured_media_url":"","_links":{"self":[{"href":"https:\/\/frontex-referendum.ch\/fr\/wp-json\/wp\/v2\/posts\/6103","targetHints":{"allow":["GET"]}}],"collection":[{"href":"https:\/\/frontex-referendum.ch\/fr\/wp-json\/wp\/v2\/posts"}],"about":[{"href":"https:\/\/frontex-referendum.ch\/fr\/wp-json\/wp\/v2\/types\/post"}],"author":[{"embeddable":true,"href":"https:\/\/frontex-referendum.ch\/fr\/wp-json\/wp\/v2\/users\/4"}],"replies":[{"embeddable":true,"href":"https:\/\/frontex-referendum.ch\/fr\/wp-json\/wp\/v2\/comments?post=6103"}],"version-history":[{"count":3,"href":"https:\/\/frontex-referendum.ch\/fr\/wp-json\/wp\/v2\/posts\/6103\/revisions"}],"predecessor-version":[{"id":6106,"href":"https:\/\/frontex-referendum.ch\/fr\/wp-json\/wp\/v2\/posts\/6103\/revisions\/6106"}],"wp:attachment":[{"href":"https:\/\/frontex-referendum.ch\/fr\/wp-json\/wp\/v2\/media?parent=6103"}],"wp:term":[{"taxonomy":"category","embeddable":true,"href":"https:\/\/frontex-referendum.ch\/fr\/wp-json\/wp\/v2\/categories?post=6103"},{"taxonomy":"post_tag","embeddable":true,"href":"https:\/\/frontex-referendum.ch\/fr\/wp-json\/wp\/v2\/tags?post=6103"}],"curies":[{"name":"wp","href":"https:\/\/api.w.org\/{rel}","templated":true}]}}