{"id":4286,"date":"2022-03-15T08:13:19","date_gmt":"2022-03-15T07:13:19","guid":{"rendered":"https:\/\/frontex-referendum.ch\/2022\/03\/15\/des-routes-migratoires-sures-pas-seulement-en-temps-de-crise-mais-tout-le-temps\/"},"modified":"2022-03-15T08:14:33","modified_gmt":"2022-03-15T07:14:33","slug":"des-routes-migratoires-sures-pas-seulement-en-temps-de-crise-mais-tout-le-temps","status":"publish","type":"post","link":"https:\/\/frontex-referendum.ch\/fr\/2022\/03\/15\/des-routes-migratoires-sures-pas-seulement-en-temps-de-crise-mais-tout-le-temps\/","title":{"rendered":"Des routes migratoires s\u00fbres \u2013 pas seulement en temps de crise, mais tout le temps !"},"content":{"rendered":"\n<div class=\"wp-block-group af-article-head\"><div class=\"wp-block-group__inner-container is-layout-flow wp-block-group-is-layout-flow\">\n<h1 class=\"wp-block-heading\">Des routes migratoires s\u00fbres \u2013 pas seulement en temps de crise, mais tout le temps !<\/h1>\n\n\n\n<p class=\"has-medium-font-size\">Des milliers de personnes fuient la guerre d\u2019agression russe contre l\u2019Ukraine. La situation actuelle montre clairement : Nous avons besoin de routes migratoires ouvertes et s\u00fbres \u2013 et de solidarit\u00e9 antiraciste.<\/p>\n<\/div><\/div>\n\n<div class=\"wp-block-group af-article-body af-links--soft\"><div class=\"wp-block-group__inner-container is-layout-flow wp-block-group-is-layout-flow\">\n<div class=\"wp-block-group af-article-body__meta\"><div class=\"wp-block-group__inner-container is-layout-flow wp-block-group-is-layout-flow\"><div class=\"wp-block-post-date\"><time datetime=\"2022-03-15T08:13:19+01:00\">15. mars 2022<\/time><\/div>\n\n\n<p>Par le comit\u00e9 r\u00e9f\u00e9rendaire NoFrontex<\/p>\n<\/div><\/div>\n\n\n\n<p>Des milliers de personnes fuient la guerre d&rsquo;agression russe contre l&rsquo;Ukraine. Dans de nombreux pays europ\u00e9ens, un \u00e9lan de solidarit\u00e9 parcourt la population \u2013 des voix s\u2019\u00e9l\u00e8vent, dans toute l\u2019Europe, semble-t-il, pour r\u00e9clamer l\u2019accueil rapide et concert\u00e9 des r\u00e9fugi\u00e9\u2219es ukrainien\u2219nes fuyant la guerre. Plus de 20 000 personnes sont descendues dans la rue samedi \u00e0 Berne contre la guerre et ont exig\u00e9, outre la fin de l\u2019attaque russe, la solidarit\u00e9 avec toutes les personnes touch\u00e9es par la guerre. Un signal important. Face \u00e0 l\u2019escalade de la guerre en Europe, l\u2019impossible semble soudain possible : <a href=\"https:\/\/www.infomigrants.net\/en\/post\/38737\/european-countries-prepare-for-refugees-from-ukraine\" target=\"_blank\" rel=\"noreferrer noopener\">la Commission europ\u00e9enne a d\u00e9j\u00e0 propos\u00e9 aux pays de la r\u00e9gion (c\u2019est-\u00e0-dire la Pologne et d\u2019autres pays voisins) un soutien financier et les comp\u00e9tences de Frontex pour aider \u00e0 h\u00e9berger les r\u00e9fugi\u00e9\u2219es d\u2019Ukraine<\/a>. Le gouvernement polonais a r\u00e9pondu positivement \u00e0 cette offre et a laiss\u00e9 entendre qu\u2019il souhaitait faire appel \u00e0 l\u2019aide de Frontex pour l\u2019h\u00e9bergement et l\u2019encadrement. Cela montre o\u00f9 l\u2019argent que Frontex investi dans la militarisation pourrait en fait aller : dans des infrastructures solidaires qui garantissent une vie digne \u00e0 tous ceux et celles qui d\u00e9cident (ou doivent d\u00e9cider) de quitter leur lieu de r\u00e9sidence.<\/p>\n\n\n\n<p>Pour NoFrontex, il est clair que nous avons besoin de routes migratoires ouvertes et s\u00fbres, pas seulement en temps de crise, mais tout le temps. En tant que NoFrontex, nous soutenons pleinement l\u2019appel \u00e0 veiller, rapidement et ensemble, \u00e0 l\u2019accueil des r\u00e9fugi\u00e9\u2219es ukrainien\u2219nes fuyant la guerre. Avec de nombreux individus, r\u00e9seaux et organisations, <a href=\"https:\/\/www.unterzeichnen.ch\/\" target=\"_blank\" rel=\"noreferrer noopener\">nous le demandons dans une lettre ouverte \u00e0 la conseill\u00e8re f\u00e9d\u00e9rale Karin Keller-Sutter<\/a>. Il faut des corridors de solidarit\u00e9 !<\/p>\n\n\n\n<h2 class=\"wp-block-heading\">Tout va bien alors ? Pas du tout !<\/h2>\n\n\n\n<p>Mais cela ne suffit pas. Le fait que nous devions discuter aujourd\u2019hui de la question de savoir si, combien et <ins>surtout quelles personnes<\/ins> d\u2019Ukraine, peuvent \u00e9ventuellement entrer dans l\u2019espace Schengen ou en Suisse, montre ce \u00e0 quoi nous en sommes arriv\u00e9\u2219es. L\u2019\u00e9tat normal du r\u00e9gime migratoire de l\u2019UE est insupportable et inacceptable : les barbel\u00e9s et l\u2019isolement font partie du quotidien. Les gens sont consid\u00e9r\u00e9s et trait\u00e9s comme des dangers et des ennemis selon les cat\u00e9gories racistes et la logique capitaliste. En cas de crise, des paquets de contingents abstraits sont mis en place. En automne, des milliers de personnes se rendant en Europe depuis la Bi\u00e9lorussie ont \u00e9t\u00e9 brutalement refoul\u00e9es dans cette m\u00eame r\u00e9gion frontali\u00e8re, \u00e0 proximit\u00e9 imm\u00e9diate de l\u2019endroit o\u00f9 des milliers d\u2019Ukrainien\u2219nes se r\u00e9fugient aujourd\u2019hui, par la m\u00eame agence frontali\u00e8re qui se pr\u00e9sente aujourd\u2019hui comme une institution humanitaire. L\u2019opinion publique n\u2019a pas r\u00e9agi. Il s\u2019agissait de personnes venant d\u2019Irak, du Y\u00e9men et d\u2019autres pays \u2013 elles ont \u00e9t\u00e9 refoul\u00e9es pour des raisons racistes, avec des cons\u00e9quences parfois mortelles. Des politicien\u2219nes de toute l\u2019Europe, mais <a href=\"https:\/\/frontex.europa.eu\/media-centre\/news\/news-release\/frontex-executive-director-visits-poland-s-border-with-belarus-LAS4dG\" target=\"_blank\" rel=\"noreferrer noopener\">aussi le directeur de Frontex, Fabrice Leggeri lui-m\u00eame, ont soutenu l\u2019action brutale des forces de s\u00e9curit\u00e9 polonaises et lituaniennes<\/a>.<\/p>\n\n\n\n<p>C\u2019est un d\u00e9veloppement important que des voies d\u2019\u00e9vacuation soient cr\u00e9\u00e9es rapidement et majoritairement de mani\u00e8re non bureaucratique. Mais ce qui est possible aujourd\u2019hui doit l\u2019\u00eatre aussi demain \u2013 et pas seulement pour les Europ\u00e9en\u2219nes *blanc\u2219hes*, mais pour tou\u2219tes. La cat\u00e9gorisation raciste des r\u00e9fugi\u00e9\u2219es ne se manifeste pas seulement dans la r\u00e9action in\u00e9gale de l\u2019Europe face aux mouvements de fuite de l\u2019automne et de ceux d\u2019aujourd\u2019hui. Elle se r\u00e9p\u00e8te m\u00eame en ce moment : <a rel=\"noreferrer noopener\" href=\"https:\/\/www.independent.co.uk\/news\/world\/europe\/ukraine-refugees-racism-russia-invasion-b2024175.html\" target=\"_blank\">actuellement, les t\u00e9moignages d\u2019Africain\u2219es vivant en Ukraine se multiplient<\/a> et font \u00e9tat d\u2019une discrimination inqui\u00e9tante \u00e0 la fronti\u00e8re avec la Pologne. Ils et elles sont refoul\u00e9\u2219es, parfois sous la menace d\u2019une arme. Sous le <a rel=\"noreferrer noopener\" href=\"https:\/\/twitter.com\/search?q=%23AfricansinUkraine&amp;src=typeahead_click\" target=\"_blank\">hashtag #AfricansInUkraine<\/a>, on trouve des dizaines de t\u00e9moignages de personnes concern\u00e9es. <a rel=\"noreferrer noopener\" href=\"https:\/\/apnews.com\/article\/russia-ukraine-war-refugees-diversity-230b0cc790820b9bf8883f918fc8e313\" target=\"_blank\">Une s\u00e9gr\u00e9gation raciale au milieu d\u2019un exil massif provoqu\u00e9 par la guerre<\/a>. De plus, les violents pushbacks en mer \u00c9g\u00e9e se poursuivent sans rel\u00e2che et en Libye, des milliers de personnes sont toujours bloqu\u00e9es dans des camps \u00e9pouvantables, <a rel=\"noreferrer noopener\" href=\"https:\/\/sea-watch.org\/frontex_crimes\/\" target=\"_blank\">souvent avec l\u2019aide de Frontex qui les emp\u00eache de traverser vers l\u2019Europe<\/a>. A cela s\u2019ajoutent les d\u00e9clarations des politicien\u2219nes et les reportages des m\u00e9dias qui d\u00e9goulinent de racisme : <a rel=\"noreferrer noopener\" href=\"https:\/\/twitter.com\/sallyhayd\/status\/1497949087076921351\" target=\"_blank\">la solidarit\u00e9 et la compassion s\u2019adressent explicitement aux Europ\u00e9en\u2219nes qui fuient \u00abavec des cheveux blonds et des yeux bleus\u00bb<\/a>. Et la NZZ ne faillit pas non plus \u00e0 sa r\u00e9putation en se joignant au ton raciste : <a rel=\"noreferrer noopener\" href=\"https:\/\/www.nzz.ch\/meinung\/fluechtlinge-aus-der-ukraine-zeit-fuer-eine-neue-willkommenskultur-ld.1672134?reduced=true\" target=\"_blank\">cette fois-ci, ce sont de vrais r\u00e9fugi\u00e9\u2219es, celles et ceux auparavant ne faisaient que le pr\u00e9tendre<\/a>. Ce que nous vivons actuellement, c\u2019est la quintessence de la politique migratoire raciste de l\u2019UE: peu importe la fronti\u00e8re ou la situation, les personnes racis\u00e9es sont expos\u00e9es \u00e0 une discrimination syst\u00e9matique sur le chemin de l\u2019Europe.<\/p>\n\n\n\n<h2 class=\"wp-block-heading\">Abolir la soci\u00e9t\u00e9 de guerre, cr\u00e9er un r\u00e9seau \u00e0 partir de la base<\/h2>\n\n\n\n<p>La guerre d\u2019agression de Poutine et de ses acolytes et ses cons\u00e9quences ne peuvent pas \u00eatre consid\u00e9r\u00e9es isol\u00e9ment. Elle s\u2019inscrit dans un monde marqu\u00e9 par l\u2019armement et la concurrence. Les politicien\u2219nes patriarcaux et chauvins encouragent les nationalismes et les guerres. Cette guerre a \u00e9galement \u00e9t\u00e9 aliment\u00e9e par la course aux armements. Celles et ceux qui appellent \u00e0 l\u2019armement ou m\u00eame, <a href=\"https:\/\/www.tagesschau.de\/eilmeldung\/bundeswehr-sondervermoegen-scholz-101.html\" target=\"_blank\" rel=\"noreferrer noopener\">comme l\u2019Allemagne, annoncent des plans d\u2019armement massifs \u00e0 hauteur de 100 milliards d\u2019Europe<\/a>, suivent cette logique. Plus d\u2019armes n\u2019a jamais permis de cr\u00e9er des conditions plus pacifiques. <a href=\"https:\/\/www.woz.ch\/-c315\" target=\"_blank\" rel=\"noreferrer noopener\">C\u2019est pourquoi il faut de la solidarit\u00e9, de la r\u00e9sistance et des r\u00e9seaux d\u2019en bas<\/a> qui ne s\u2019arr\u00eatent pas \u00e0 cette guerre dans leurs revendications, mais qui s\u2019engagent pour un contre-projet de soci\u00e9t\u00e9 qui \u00e9limine le terreau de l\u2019escalade guerri\u00e8re, du nationalisme et de l\u2019isolement. Cela vaut \u00e9galement pour les luttes contre la migration et leurs revendications : elles ne s\u2019arr\u00eatent pas \u00e0 la demande de libert\u00e9 de mouvement pour tou\u2219tes, mais signifient bien s\u00fbr aussi pr\u00e9venir les causes de fuite et concevoir la migration comme un fait. La guerre est l\u2019une des nombreuses causes de la migration. Toutes ces raisons de migrer sont l\u00e9gitimes. C\u2019est pourquoi notre solidarit\u00e9 s\u2019adresse \u00e0 toutes les personnes \u2013 qu\u2019elles fuient actuellement l\u2019Ukraine, qu\u2019elles luttent pour leurs droits en Libye ou qu\u2019elles se d\u00e9brouillent apr\u00e8s \u00eatre arriv\u00e9es en Europe.<\/p>\n\n\n\n<h2 class=\"wp-block-heading\">Frontex et la guerre<\/h2>\n\n\n\n<p>Mais quel est le rapport avec Frontex ? Frontex et la guerre sont les deux faces de la m\u00eame m\u00e9daille. Au nom de l\u2019UE, Frontex ferme les fronti\u00e8res de Schengen aux personnes migrantes avec une infrastructure militaire et m\u00e8ne une guerre contre la migration. L\u2019agence de protection des fronti\u00e8res de l\u2019UE fait partie de la spirale de l\u2019armement avec <a href=\"https:\/\/www.cilip.de\/2019\/09\/30\/neue-frontex-verordnung-aufruestung-der-festung-europa\/\" target=\"_blank\" rel=\"noreferrer noopener\">toujours plus de personnel et une flotte croissante<\/a> et suit une logique militaire patriarcale. Elle collabore avec les acteurs qui <a href=\"https:\/\/frontexfiles.eu\/\" target=\"_blank\" rel=\"noreferrer noopener\">gagnent de l\u2019argent gr\u00e2ce \u00e0 l\u2019armement<\/a> ou <a href=\"https:\/\/www.tagesschau.de\/investigativ\/monitor\/frontex-rueckfuehrungen-libyen-101.html\" target=\"_blank\" rel=\"noreferrer noopener\">que les gens fuient<\/a>, et ferme les fronti\u00e8res ext\u00e9rieures de l\u2019UE aux personnes d\u00e9plac\u00e9es, entre autres, par les conflits militaires dans lesquels l\u2019Europe est activement impliqu\u00e9e. Il est temps d\u2019y mettre fin. Nous avons besoin de voies d\u2019\u00e9vacuation s\u00fbres au lieu de drones, d\u2019une soci\u00e9t\u00e9 v\u00e9ritablement plurielle au lieu de l\u2019isolement, de bateaux de sauvetage au lieu de Frontex.<\/p>\n\n\n\n<p>Plus que jamais, nous exigeons la d\u00e9militarisation du r\u00e9gime des fronti\u00e8res et la libert\u00e9 de mouvement pour tou\u2219tes. C\u2019est pr\u00e9cis\u00e9ment pour cette raison que nous continuons \u00e0 nous engager contre Frontex. Nous esp\u00e9rons que la solidarit\u00e9 avec les personnes concern\u00e9es en Ukraine d\u00e9clenchera une vague de solidarit\u00e9 qui impliquera tout le monde et ne se manifestera pas seulement dans les conflits qui se d\u00e9roulent \u00ab\u00e0 nos portes\u00bb.<\/p>\n<\/div><\/div>\n","protected":false},"excerpt":{"rendered":"<p>Comit\u00e9 r\u00e9f\u00e9rendaire NoFrontex <\/p>\n","protected":false},"author":6,"featured_media":0,"comment_status":"open","ping_status":"closed","sticky":false,"template":"","format":"standard","meta":{"inline_featured_image":false,"neve_meta_sidebar":"full-width","neve_meta_container":"full-width","neve_meta_enable_content_width":"","neve_meta_content_width":0,"neve_meta_title_alignment":"","neve_meta_author_avatar":"","neve_post_elements_order":"[\"content\",\"related-posts\"]","neve_meta_disable_header":"","neve_meta_disable_footer":"","neve_meta_disable_title":"","neve_meta_reading_time":"","_EventAllDay":false,"_EventTimezone":"","_EventStartDate":"","_EventEndDate":"","_EventStartDateUTC":"","_EventEndDateUTC":"","_EventShowMap":false,"_EventShowMapLink":false,"_EventURL":"","_EventCost":"","_EventCostDescription":"","_EventCurrencySymbol":"","_EventCurrencyCode":"","_EventCurrencyPosition":"","_EventDateTimeSeparator":"","_EventTimeRangeSeparator":"","_EventOrganizerID":[],"_EventVenueID":[],"_OrganizerEmail":"","_OrganizerPhone":"","_OrganizerWebsite":"","_VenueAddress":"","_VenueCity":"","_VenueCountry":"","_VenueProvince":"","_VenueState":"","_VenueZip":"","_VenuePhone":"","_VenueURL":"","_VenueStateProvince":"","_VenueLat":"","_VenueLng":"","_VenueShowMap":false,"_VenueShowMapLink":false,"footnotes":""},"categories":[34],"tags":[],"class_list":["post-4286","post","type-post","status-publish","format-standard","hentry","category-commentaire"],"jetpack_sharing_enabled":true,"jetpack_featured_media_url":"","_links":{"self":[{"href":"https:\/\/frontex-referendum.ch\/fr\/wp-json\/wp\/v2\/posts\/4286","targetHints":{"allow":["GET"]}}],"collection":[{"href":"https:\/\/frontex-referendum.ch\/fr\/wp-json\/wp\/v2\/posts"}],"about":[{"href":"https:\/\/frontex-referendum.ch\/fr\/wp-json\/wp\/v2\/types\/post"}],"author":[{"embeddable":true,"href":"https:\/\/frontex-referendum.ch\/fr\/wp-json\/wp\/v2\/users\/6"}],"replies":[{"embeddable":true,"href":"https:\/\/frontex-referendum.ch\/fr\/wp-json\/wp\/v2\/comments?post=4286"}],"version-history":[{"count":8,"href":"https:\/\/frontex-referendum.ch\/fr\/wp-json\/wp\/v2\/posts\/4286\/revisions"}],"predecessor-version":[{"id":4294,"href":"https:\/\/frontex-referendum.ch\/fr\/wp-json\/wp\/v2\/posts\/4286\/revisions\/4294"}],"wp:attachment":[{"href":"https:\/\/frontex-referendum.ch\/fr\/wp-json\/wp\/v2\/media?parent=4286"}],"wp:term":[{"taxonomy":"category","embeddable":true,"href":"https:\/\/frontex-referendum.ch\/fr\/wp-json\/wp\/v2\/categories?post=4286"},{"taxonomy":"post_tag","embeddable":true,"href":"https:\/\/frontex-referendum.ch\/fr\/wp-json\/wp\/v2\/tags?post=4286"}],"curies":[{"name":"wp","href":"https:\/\/api.w.org\/{rel}","templated":true}]}}