{"id":4276,"date":"2022-03-15T00:21:46","date_gmt":"2022-03-14T23:21:46","guid":{"rendered":"https:\/\/frontex-referendum.ch\/?p=4276"},"modified":"2022-03-15T00:45:04","modified_gmt":"2022-03-14T23:45:04","slug":"kks-et-lappareil-migratoire-raciste","status":"publish","type":"post","link":"https:\/\/frontex-referendum.ch\/fr\/2022\/03\/15\/kks-et-lappareil-migratoire-raciste\/","title":{"rendered":"KKS et l\u2019appareil migratoire raciste"},"content":{"rendered":"\n<div class=\"wp-block-group af-article-head\"><div class=\"wp-block-group__inner-container is-layout-flow wp-block-group-is-layout-flow\">\n<h1 class=\"wp-block-heading\">KKS et l\u2019appareil migratoire raciste<\/h1>\n\n\n\n<p class=\"has-medium-font-size\">Nous devons parler du racisme du r\u00e9gime migratoire et du discours s\u00e9curitaire scandaleux. Ce n&rsquo;est qu&rsquo;ainsi que nous obtiendrons une solidarit\u00e9 antiraciste \u00e0 long terme.<\/p>\n<\/div><\/div>\n\n<div class=\"wp-block-group af-article-body af-links--soft\"><div class=\"wp-block-group__inner-container is-layout-flow wp-block-group-is-layout-flow\">\n<div class=\"wp-block-group af-article-body__meta\"><div class=\"wp-block-group__inner-container is-layout-flow wp-block-group-is-layout-flow\"><div class=\"wp-block-post-date\"><time datetime=\"2022-03-15T00:21:46+01:00\">15. mars 2022<\/time><\/div>\n\n\n<p>Du comit\u00e9 r\u00e9f\u00e9rendaire NoFrontex<\/p>\n<\/div><\/div>\n\n\n\n<p><a href=\"https:\/\/www.srf.ch\/news\/international\/krieg-in-der-ukraine-angriff-auf-militaerstuetzpunkt-im-westen-mindestens-35-tote\" target=\"_blank\" rel=\"noreferrer noopener\">Selon la SRF, une journaliste a demand\u00e9 \u00e0 la conseill\u00e8re f\u00e9d\u00e9rale Keller-Sutter lors d\u2019une conf\u00e9rence de presse comment se d\u00e9roulent actuellement les contr\u00f4les des personnes en fuite.<\/a> La r\u00e9ponse de la conseill\u00e8re f\u00e9d\u00e9rale refl\u00e8te le racisme actuellement si visible dans la politique migratoire europ\u00e9enne. Sur la transcription de la conf\u00e9rence de presse, on peut lire : \u00abLe contr\u00f4le de s\u00e9curit\u00e9 est fait, mais il est raccourci, pas comme pour les pays d\u2019origine comme l\u2019Afghanistan ou la Syrie, dit Karin Keller-Sutter. L\u2019agence europ\u00e9enne de garde-fronti\u00e8res et de garde-c\u00f4tes (Frontex) pourrait \u00e9galement soutenir les gardes-fronti\u00e8res nationaux lors des contr\u00f4les. Il est important que les criminel\u2219les ou les terroristes ne puissent pas entrer dans les pays de Schengen suite \u00e0 cette crise\u00bb.<\/p>\n\n\n\n<p>Cette phrase est monstrueuse et jette la suspicion sur les personnes originaires d\u2019Afghanistan et de Syrie, estime Malek Ossi, porte-parole de NoFrontex, lui-m\u00eame originaire de Syrie : \u00abDe telles phrases me mettent en col\u00e8re. Ce n\u2019est pas n\u2019importe qui, mais bien une conseill\u00e8re f\u00e9d\u00e9rale qui tient de tels propos. C\u2019est de la pure discrimination. Nous sommes celle\u2219ux qui ont fui les terroristes. Mais de telles d\u00e9clarations nous r\u00e9duisent finalement au terrorisme. Cela conduit \u00e0 attiser davantage la haine et la m\u00e9fiance envers les personnes de certaines r\u00e9gions\u00bb. Il s\u2019agit en outre d\u2019une strat\u00e9gie perfide pour justifier l\u2019in\u00e9galit\u00e9 de traitement choquante et la cat\u00e9gorisation des r\u00e9fugi\u00e9\u2219es. Pour NoFrontex, il est clair que cette argumentation n\u2019a ni queue ni t\u00eate, c\u2019est du racisme pur et simple. <a href=\"https:\/\/magazin.nzz.ch\/nzz-am-sonntag\/schweiz\/ukraine-fluechtlinge-solidaritaet-sorgt-auch-fuer-irritationen-ld.1674304\" target=\"_blank\" rel=\"noreferrer noopener\">Celui-ci se manifeste d\u00e9j\u00e0 lors des contr\u00f4les \u00e0 la fronti\u00e8re<\/a>, comme l\u2019\u00e9crit la NZZ am Sonntag : \u00ab\u00c0 la gare-fronti\u00e8re de Buchs, des fonctionnaires sont mont\u00e9s dans le train et ont cherch\u00e9 de mani\u00e8re cibl\u00e9e des r\u00e9fugi\u00e9\u2219es afghan\u2219es\u00bb, raconte Keil, qui \u00e9tait dans le m\u00eame compartiment que plusieurs personnes originaires d\u2019Afghanistan. \u00abLes personnes, dont certaines \u00e9taient encore mineures, ont \u00e9t\u00e9 abord\u00e9es de mani\u00e8re d\u00e9gradante. Les agents les ont montr\u00e9s du doigt en criant : \u2039Afghan ? Out\u203a\u00bb. La Suisse raciste de 2022 fait la distinction entre les bons et les mauvais r\u00e9fugi\u00e9\u2219es \u2013 en se r\u00e9f\u00e9rant \u00e0 des conceptions racistes de la s\u00e9curit\u00e9. C\u2019est honteux.<\/p>\n\n\n\n<h2 class=\"wp-block-heading\">Le cloisonnement se poursuit : extension \u00e0 l\u2019est de Frontex<\/h2>\n\n\n\n<p>Cette cat\u00e9gorisation s\u2019\u00e9tend au-del\u00e0 de la Suisse, jusqu\u2019aux fronti\u00e8res ext\u00e9rieures de l\u2019UE. Et qui se trouve au milieu de tout \u00e7a ? L\u2019agence europ\u00e9enne de protection des fronti\u00e8res Frontex, d\u00e9j\u00e0 mentionn\u00e9e par Keller-Sutter. <a href=\"https:\/\/frontex.europa.eu\/media-centre\/news\/news-release\/frontex-executive-director-visits-poland-s-border-with-belarus-LAS4dG\" target=\"_blank\" rel=\"noreferrer noopener\">En automne 2021, le directeur de Frontex, Fabrice Leggeri, f\u00e9licitait encore les forces de s\u00e9curit\u00e9<\/a> polonaises malgr\u00e9 leur intervention militaire et polici\u00e8re, brutale et contraire aux droits humains face aux r\u00e9fugi\u00e9\u2219es venant de Bi\u00e9lorussie. Aujourd\u2019hui, l\u2019agence renforce sa pr\u00e9sence dans cette m\u00eame r\u00e9gion et suit ses consid\u00e9rations racistes en mati\u00e8re de s\u00e9curit\u00e9, comme l\u2019explique KKS dans une interview : \u00abL\u2019agence de protection des fronti\u00e8res Frontex aide d\u00e9sormais les pays d\u2019Europe de l\u2019Est \u00e0 enregistrer les r\u00e9fugi\u00e9\u2219es ukrainien\u2219nes. Mais la situation \u00e0 la fronti\u00e8re orientale a aussi d\u2019autres cons\u00e9quences. Mon homologue allemande a mis en garde contre le fait que la Bi\u00e9lorussie instrumentalise \u00e0 nouveau les migrant\u2219es et tente de faire entrer encore d\u2019autres personnes dans l\u2019espace Schengen\u00bb. Celles qui instrumentalisent les personnes migrantes, \u00e0 nos yeux, ce sont KKS et son homologue allemande : elles profitent de la situation pour poursuivre et justifier la politique de fermeture de l\u2019UE \u00e0 une cat\u00e9gorie de personnes.<\/p>\n\n\n\n<p>On profite de la situation pour envoyer Frontex en Moldavie \u00e0 toute vitesse. L\u2019agence europ\u00e9enne de protection des fronti\u00e8res, militaris\u00e9e, doit \u00e9tendre sa pr\u00e9sence \u00e0 la fronti\u00e8re orientale. Le mandat envisag\u00e9 comprend l\u2019enregistrement et le contr\u00f4le des fronti\u00e8res ainsi que les op\u00e9rations frontali\u00e8res, <a rel=\"noreferrer noopener\" href=\"https:\/\/www.migazin.de\/2022\/03\/11\/moldawien-erster-frontex-einsatz-plan\/\" target=\"_blank\">comme le rapporte Matthias Monroy<\/a>. \u00abL\u2019accord sur le statut devrait s\u2019inspirer d\u2019un mod\u00e8le d\u2019accord que la Commission a \u00e9labor\u00e9 apr\u00e8s les exp\u00e9riences en Albanie, au Mont\u00e9n\u00e9gro et en Serbie. Il pr\u00e9voit par exemple des pouvoirs d\u2019ex\u00e9cution, l\u2019utilisation d\u2019armes et l\u2019immunit\u00e9 totale des fonctionnaires contre les poursuites judiciaires dans leur pays\u00bb, poursuit Matthias Monroy. Et cela pour une agence dont <a href=\"https:\/\/www.spiegel.de\/ausland\/skandal-um-eu-grenzschutzbehoerde-frontex-europas-grenzen-sind-ein-rechtsfreier-raum-a-2d9fdf01-ff88-4f98-90d0-4545573e8117\" target=\"_blank\" rel=\"noreferrer noopener\">il est prouv\u00e9 qu\u2019elle est complice de graves violations des droits humains<\/a>. Autre point d\u00e9licat : l\u2019intervention n\u2019a pas seulement lieu en marge d\u2019une zone de guerre, mais concerne \u00e9galement un conflit r\u00e9gional : la R\u00e9publique moldave de Transnistrie, non reconnue au niveau international, mais soutenue par la Russie. La Suisse envoie-t-elle des fonctionnaires dans cette mission ? Et du point de vue suisse, la participation \u00e0 une organisation qui m\u00e8ne des missions arm\u00e9es dans des r\u00e9gions frontali\u00e8res contest\u00e9es n\u2019est-elle pas d\u00e9j\u00e0 un probl\u00e8me ?<\/p>\n\n\n\n<h2 class=\"wp-block-heading\">La solidarit\u00e9 actuelle comme une opportunit\u00e9 : une autre politique migratoire est possible.<\/h2>\n\n\n\n<p>La situation actuelle montre tout ce qui serait possible. La solidarit\u00e9 envers les r\u00e9fugi\u00e9\u2219es ukrainien\u2219nes est importante et juste et doit absolument tenir sur la dur\u00e9e. Il est \u00e9galement important de se battre contre la discrimination persistante, qui est m\u00eame encourag\u00e9e par les autorit\u00e9s. Malek Ossi est du m\u00eame avis et souhaite un changement fondamental vers une politique migratoire solidaire : \u00abNous avons l\u2019opportunit\u00e9 historique de repenser la politique migratoire. La situation actuelle va probablement changer fondamentalement la politique d\u2019asile et de migration. Car maintenant, nous savons que si nous le voulons, nous pouvons ouvrir la fronti\u00e8re. C\u2019est une d\u00e9cision politique. Nous devrions la prendre partout. Nous pourrions d\u00e9cider aujourd\u2019hui que plus personne ne meurt en M\u00e9diterran\u00e9e\u00bb.<\/p>\n\n\n\n<p>Que demandons-nous dans cette situation ? Une soci\u00e9t\u00e9 v\u00e9ritablement plurielle et la solidarit\u00e9 avec tou\u2219te\u2219s \u2013 peu importe d\u2019o\u00f9 il\u2219elle\u2219s viennent. Et des perspectives communes contre la guerre et la militarisation. Mais le chemin est encore long, comme le montre l\u2019agenda politique. La situation actuelle est utilis\u00e9e pour planifier des missions Frontex \u00e0 la va-vite et justifier l\u2019in\u00e9galit\u00e9 de traitement des r\u00e9fugi\u00e9\u2219es selon des cat\u00e9gories racistes. Et l\u2019appel \u00e0 l\u2019armement r\u00e9sonne dans tous les camps politiques. Nous nous y opposons. Nous n\u2019avons pas besoin de plus de Frontex ou d\u2019infrastructures militaires pour notre s\u00e9curit\u00e9, mais de plus de solidarit\u00e9 et surtout de solidarit\u00e9 antiraciste \u2013 pas seulement aujourd\u2019hui, mais \u00e0 long terme.<\/p>\n<\/div><\/div>\n","protected":false},"excerpt":{"rendered":"<p>Comit\u00e9 r\u00e9f\u00e9rendaire NoFrontex <\/p>\n","protected":false},"author":4,"featured_media":0,"comment_status":"open","ping_status":"closed","sticky":false,"template":"","format":"standard","meta":{"inline_featured_image":false,"neve_meta_sidebar":"full-width","neve_meta_container":"full-width","neve_meta_enable_content_width":"","neve_meta_content_width":0,"neve_meta_title_alignment":"","neve_meta_author_avatar":"","neve_post_elements_order":"[\"content\",\"related-posts\"]","neve_meta_disable_header":"","neve_meta_disable_footer":"","neve_meta_disable_title":"","neve_meta_reading_time":"","_EventAllDay":false,"_EventTimezone":"","_EventStartDate":"","_EventEndDate":"","_EventStartDateUTC":"","_EventEndDateUTC":"","_EventShowMap":false,"_EventShowMapLink":false,"_EventURL":"","_EventCost":"","_EventCostDescription":"","_EventCurrencySymbol":"","_EventCurrencyCode":"","_EventCurrencyPosition":"","_EventDateTimeSeparator":"","_EventTimeRangeSeparator":"","_EventOrganizerID":[],"_EventVenueID":[0],"_OrganizerEmail":"","_OrganizerPhone":"","_OrganizerWebsite":"","_VenueAddress":"","_VenueCity":"","_VenueCountry":"","_VenueProvince":"","_VenueState":"","_VenueZip":"","_VenuePhone":"","_VenueURL":"","_VenueStateProvince":"","_VenueLat":"","_VenueLng":"","_VenueShowMap":false,"_VenueShowMapLink":false,"footnotes":""},"categories":[34],"tags":[],"class_list":["post-4276","post","type-post","status-publish","format-standard","hentry","category-commentaire"],"jetpack_sharing_enabled":true,"jetpack_featured_media_url":"","_links":{"self":[{"href":"https:\/\/frontex-referendum.ch\/fr\/wp-json\/wp\/v2\/posts\/4276","targetHints":{"allow":["GET"]}}],"collection":[{"href":"https:\/\/frontex-referendum.ch\/fr\/wp-json\/wp\/v2\/posts"}],"about":[{"href":"https:\/\/frontex-referendum.ch\/fr\/wp-json\/wp\/v2\/types\/post"}],"author":[{"embeddable":true,"href":"https:\/\/frontex-referendum.ch\/fr\/wp-json\/wp\/v2\/users\/4"}],"replies":[{"embeddable":true,"href":"https:\/\/frontex-referendum.ch\/fr\/wp-json\/wp\/v2\/comments?post=4276"}],"version-history":[{"count":7,"href":"https:\/\/frontex-referendum.ch\/fr\/wp-json\/wp\/v2\/posts\/4276\/revisions"}],"predecessor-version":[{"id":4285,"href":"https:\/\/frontex-referendum.ch\/fr\/wp-json\/wp\/v2\/posts\/4276\/revisions\/4285"}],"wp:attachment":[{"href":"https:\/\/frontex-referendum.ch\/fr\/wp-json\/wp\/v2\/media?parent=4276"}],"wp:term":[{"taxonomy":"category","embeddable":true,"href":"https:\/\/frontex-referendum.ch\/fr\/wp-json\/wp\/v2\/categories?post=4276"},{"taxonomy":"post_tag","embeddable":true,"href":"https:\/\/frontex-referendum.ch\/fr\/wp-json\/wp\/v2\/tags?post=4276"}],"curies":[{"name":"wp","href":"https:\/\/api.w.org\/{rel}","templated":true}]}}