{"id":3513,"date":"2022-01-19T16:20:46","date_gmt":"2022-01-19T15:20:46","guid":{"rendered":"https:\/\/frontex-referendum.ch\/?p=3513"},"modified":"2022-01-21T01:56:53","modified_gmt":"2022-01-21T00:56:53","slug":"on-a-reussi-plus-de-55-000-signatures-contre-frontex-recoltees","status":"publish","type":"post","link":"https:\/\/frontex-referendum.ch\/fr\/2022\/01\/19\/on-a-reussi-plus-de-55-000-signatures-contre-frontex-recoltees\/","title":{"rendered":"On a r\u00e9ussi : plus de 62\u2019000 signatures contre Frontex r\u00e9colt\u00e9es !"},"content":{"rendered":"\n<div class=\"wp-block-group af-article-head\"><div class=\"wp-block-group__inner-container is-layout-flow wp-block-group-is-layout-flow\">\n<h1 class=\"wp-block-heading\">On a r\u00e9ussi : plus de 62\u2019000 signatures contre Frontex r\u00e9colt\u00e9es !<\/h1>\n\n\n\n<p class=\"has-medium-font-size\">Malgr\u00e9 la distance sociale due \u00e0 la pand\u00e9mie, le froid hivernal et les vents politiques contraires, c\u2019est r\u00e9ussi : Plus de 62\u2019000 signatures ont \u00e9t\u00e9 r\u00e9colt\u00e9es pour le \u00abr\u00e9f\u00e9rendum contre le financement de l\u2019agence de protection des fronti\u00e8res Frontex\u00bb. C&rsquo;est une victoire de la solidarit\u00e9, rendue possible par l&rsquo;engagement des organisations de base et de personnes individuelles. Dans la population, beaucoup ne veulent plus accepter la violence de la politique migratoire actuelle. Jeudi, les signatures seront remises \u00e0 la Chancellerie f\u00e9d\u00e9rale \u00e0 Berne.<\/p>\n<\/div><\/div>\n\n<div class=\"wp-block-group af-article-body\"><div class=\"wp-block-group__inner-container is-layout-flow wp-block-group-is-layout-flow\"><div class=\"wp-block-post-date\"><time datetime=\"2022-01-19T16:20:46+01:00\">19. janvier 2022<\/time><\/div>\n\n\n<p>\u00abPrendre la protection des r\u00e9fugi\u00e9\u00b7es au s\u00e9rieux, c&rsquo;est s&rsquo;opposer au d\u00e9veloppement de Frontex. Quand des personnes exil\u00e9es meurent dans une mer M\u00e9diterran\u00e9e pourtant \u00e9troitement surveill\u00e9e, ce n&rsquo;est pas un accident, c&rsquo;est un meurtre.\u00bb Malek Ossi, Watch the Med Alarmphone<\/p>\n\n\n\n<h2 class=\"wp-block-heading\">NoFrontex: lanc\u00e9 par le Migrant Solidarity Network et soutenu par 70 organisations<\/h2>\n\n\n\n<p>La r\u00e9colte de signatures s&rsquo;est d\u00e9roul\u00e9e dans des conditions difficiles : La pand\u00e9mie de Corona s&rsquo;intensifiait, le froid hivernal tenait les gens \u00e0 l&rsquo;\u00e9cart des lieux publics et les organisations de base qui soutenaient le r\u00e9f\u00e9rendum ne disposaient pas des m\u00eames ressources que les grandes organisations et les partis.<br\/>Vers la fin de l&rsquo;ann\u00e9e, le comit\u00e9 r\u00e9f\u00e9rendaire NoFrontex avait tir\u00e9 la sonnette d&rsquo;alarme. Un sprint final solidaire a eu lieu, auquel des milliers de personnes de toute la Suisse ont particip\u00e9. De nombreuses personnes ont r\u00e9colt\u00e9 encore des signatures dans la rue, ont mobilis\u00e9 leurs ami\u00b7es et sont pass\u00e9es chez leurs voisin\u00b7es avec des feuilles de signatures.<\/p>\n\n\n\n<h2 class=\"wp-block-heading\">Mettre fin \u00e0 la violence, \u00e0 la mis\u00e8re et \u00e0 la mort aux fronti\u00e8res ext\u00e9rieures de l&rsquo;Europe<\/h2>\n\n\n\n<p>Aux fronti\u00e8res ext\u00e9rieures de l&rsquo;espace Schengen, les personnes en fuite sont battues et expuls\u00e9es.  Des dizaines de milliers de personnes se noient, meurent de froid ou succombent \u00e0 des blessures et des maladies. Les droits fondamentaux sont ni\u00e9s. En tant que garde-fronti\u00e8re et garde-c\u00f4te europ\u00e9en, Frontex a sa part de responsabilit\u00e9. Les reproches faits \u00e0 Frontex sont lourds : manque de transparence, laisser-faire et m\u00eame participation aux violations des droits humains. Malgr\u00e9 cela, le Parlement veut plus que quadrupler les contributions annuelles \u00e0 Frontex. Le r\u00e9f\u00e9rendum veut emp\u00eacher cela.<\/p>\n\n\n\n<h2 class=\"wp-block-heading\">Pas d&rsquo;argent pour les violations des droits humains<\/h2>\n\n\n\n<p>La Suisse cofinance le cloisonnement croissant de l&rsquo;Europe : La contribution suisse \u00e0 Frontex passerait de 14 millions aujourd&rsquo;hui \u00e0 61 millions de francs par an d\u2019ici 2027. De plus, le corps des gardes-fronti\u00e8res suisses participerait de plus en plus aux op\u00e9rations arm\u00e9es de Frontex \u00e0 l&rsquo;\u00e9tranger. En tant qu&rsquo;Etat non membre de l&rsquo;UE, la Suisse n&rsquo;a pas de droit de vote au sein de Frontex, mais paie pourtant une part disproportionn\u00e9e de son budget.<\/p>\n\n\n\n<div style=\"height:100px\" aria-hidden=\"true\" class=\"wp-block-spacer af-spacer-l\"><\/div>\n\n\n\n<div class=\"wp-block-group af-box-m af-box-m--fill-dark\"><div class=\"wp-block-group__inner-container is-layout-flow wp-block-group-is-layout-flow\">\n<p class=\"has-medium-font-size\">Le 15 mai 2022, NoFrontex recommande : <br\/>Oui \u00e0 la libert\u00e9 de mouvement et NON au d\u00e9veloppement de Frontex.<\/p>\n<\/div><\/div>\n<\/div><\/div>\n","protected":false},"excerpt":{"rendered":"<p>On a r\u00e9ussi : plus de 62\u2019000 signatures contre Frontex r\u00e9colt\u00e9es ! Malgr\u00e9 la distance sociale due \u00e0 la pand\u00e9mie, le froid hivernal et les vents politiques contraires, c\u2019est r\u00e9ussi&hellip;&nbsp;<a href=\"https:\/\/frontex-referendum.ch\/fr\/2022\/01\/19\/on-a-reussi-plus-de-55-000-signatures-contre-frontex-recoltees\/\" class=\"\" rel=\"bookmark\">Lire la suite &raquo;<span class=\"screen-reader-text\">On a r\u00e9ussi : plus de 62\u2019000 signatures contre Frontex r\u00e9colt\u00e9es !<\/span><\/a><\/p>\n","protected":false},"author":6,"featured_media":0,"comment_status":"open","ping_status":"closed","sticky":false,"template":"","format":"standard","meta":{"inline_featured_image":false,"neve_meta_sidebar":"full-width","neve_meta_container":"full-width","neve_meta_enable_content_width":"","neve_meta_content_width":0,"neve_meta_title_alignment":"","neve_meta_author_avatar":"","neve_post_elements_order":"[\"content\"]","neve_meta_disable_header":"","neve_meta_disable_footer":"","neve_meta_disable_title":"","neve_meta_reading_time":"","_EventAllDay":false,"_EventTimezone":"","_EventStartDate":"","_EventEndDate":"","_EventStartDateUTC":"","_EventEndDateUTC":"","_EventShowMap":false,"_EventShowMapLink":false,"_EventURL":"","_EventCost":"","_EventCostDescription":"","_EventCurrencySymbol":"","_EventCurrencyCode":"","_EventCurrencyPosition":"","_EventDateTimeSeparator":"","_EventTimeRangeSeparator":"","_EventOrganizerID":[],"_EventVenueID":[],"_OrganizerEmail":"","_OrganizerPhone":"","_OrganizerWebsite":"","_VenueAddress":"","_VenueCity":"","_VenueCountry":"","_VenueProvince":"","_VenueState":"","_VenueZip":"","_VenuePhone":"","_VenueURL":"","_VenueStateProvince":"","_VenueLat":"","_VenueLng":"","_VenueShowMap":false,"_VenueShowMapLink":false,"footnotes":""},"categories":[19],"tags":[],"class_list":["post-3513","post","type-post","status-publish","format-standard","hentry","category-communique-de-presse"],"jetpack_sharing_enabled":true,"jetpack_featured_media_url":"","_links":{"self":[{"href":"https:\/\/frontex-referendum.ch\/fr\/wp-json\/wp\/v2\/posts\/3513","targetHints":{"allow":["GET"]}}],"collection":[{"href":"https:\/\/frontex-referendum.ch\/fr\/wp-json\/wp\/v2\/posts"}],"about":[{"href":"https:\/\/frontex-referendum.ch\/fr\/wp-json\/wp\/v2\/types\/post"}],"author":[{"embeddable":true,"href":"https:\/\/frontex-referendum.ch\/fr\/wp-json\/wp\/v2\/users\/6"}],"replies":[{"embeddable":true,"href":"https:\/\/frontex-referendum.ch\/fr\/wp-json\/wp\/v2\/comments?post=3513"}],"version-history":[{"count":12,"href":"https:\/\/frontex-referendum.ch\/fr\/wp-json\/wp\/v2\/posts\/3513\/revisions"}],"predecessor-version":[{"id":3563,"href":"https:\/\/frontex-referendum.ch\/fr\/wp-json\/wp\/v2\/posts\/3513\/revisions\/3563"}],"wp:attachment":[{"href":"https:\/\/frontex-referendum.ch\/fr\/wp-json\/wp\/v2\/media?parent=3513"}],"wp:term":[{"taxonomy":"category","embeddable":true,"href":"https:\/\/frontex-referendum.ch\/fr\/wp-json\/wp\/v2\/categories?post=3513"},{"taxonomy":"post_tag","embeddable":true,"href":"https:\/\/frontex-referendum.ch\/fr\/wp-json\/wp\/v2\/tags?post=3513"}],"curies":[{"name":"wp","href":"https:\/\/api.w.org\/{rel}","templated":true}]}}