{"id":2910,"date":"2021-12-22T18:18:00","date_gmt":"2021-12-22T17:18:00","guid":{"rendered":"https:\/\/frontex-referendum.ch\/?p=2910"},"modified":"2022-01-07T22:51:44","modified_gmt":"2022-01-07T21:51:44","slug":"keine-klimagerechtigkeit-mit-frontex","status":"publish","type":"post","link":"https:\/\/frontex-referendum.ch\/fr\/2021\/12\/22\/keine-klimagerechtigkeit-mit-frontex\/","title":{"rendered":"Keine Klimagerechtigkeit mit Frontex"},"content":{"rendered":"\n<div class=\"wp-block-group af-article-head\"><div class=\"wp-block-group__inner-container is-layout-flow wp-block-group-is-layout-flow\">\n<h1 class=\"wp-block-heading\">Keine Klimagerechtigkeit mit Frontex<\/h1>\n<\/div><\/div>\n\n\n\n<div class=\"wp-block-group af-article-body af-links--soft\"><div class=\"wp-block-group__inner-container is-layout-flow wp-block-group-is-layout-flow\">\n<div class=\"wp-block-group af-article-body__meta\"><div class=\"wp-block-group__inner-container is-layout-flow wp-block-group-is-layout-flow\"><div class=\"wp-block-post-date\"><time datetime=\"2021-12-22T18:18:00+01:00\">22. d\u00e9cembre 2021<\/time><\/div>\n\n\n<p>Vom <a href=\"https:\/\/climatestrike.ch\/\" target=\"_blank\" rel=\"noreferrer noopener\">Klimastreik<\/a><\/p>\n<\/div><\/div>\n\n\n\n<p>Der Klimastreik hat sich entschieden, das Referendum gegen die vergr\u00f6sserte finanzielle Unterst\u00fctzung f\u00fcr Frontex, die europ\u00e4ische Grenzwache, zu unterst\u00fctzen. Schon heute geh\u00f6rt die Klimakrise zu den einflussreichsten Fluchtgr\u00fcnden. Studien gehen davon aus, dass bis 2050 die Klimakrise bis zu <a href=\"https:\/\/www.theguardian.com\/environment\/2020\/sep\/09\/climate-crisis-could-displace-12bn-people-by-2050-report-warns\" target=\"_blank\" rel=\"noreferrer noopener\">1.2 Milliarden Menschen<\/a> zur Flucht zwingt. Die Klimastreik-Bewegung fordert sichere Fluchtwege f\u00fcr Gefl\u00fcchtete.<\/p>\n\n\n\n<h2 class=\"wp-block-heading\">Klimakrise und Flucht<\/h2>\n\n\n\n<p>Heute schon ist die Klimakrise f\u00fcr \u00fcber die H\u00e4lfte der Gefl\u00fcchteten der Hauptgrund oder ein einflussreicher Nebengrund. Laut der UNO stammen <a href=\"https:\/\/www.uno-fluechtlingshilfe.de\/informieren\/fluchtursachen\/klimawandel\" target=\"_blank\" rel=\"noreferrer noopener\">80% der gefl\u00fcchteten Menschen<\/a> aus Gebieten, welche von der Klimakrise betroffen sind und aus Gr\u00fcnden fehlender Infrastruktur Naturkatastrophen besonders ausgesetzt sind.<\/p>\n\n\n\n<p>\u00abMit den sich verschlimmernden Klimakatastrophe k\u00f6nnten laut einer Studie bis 2050 bis zu 1.2 Milliarden Menschen \u2013 das ist ungef\u00e4hr ein Siebtel der aktuellen Weltbev\u00f6lkerung \u2013 ihr Zuhause verlieren! Wir m\u00fcssen die Klimakrise mit aller Kraft aufhalten und uns in ihren Folgen solidarisch mit allen Betroffenen zeigen\u00bb, meint Anna Lindermeier aus Z\u00fcrich.<\/p>\n\n\n\n<h2 class=\"wp-block-heading\">Der Klimastreik positioniert sich<\/h2>\n\n\n\n<p>Der Klimastreik entschied sich mit grosser Mehrheit daf\u00fcr, das No-Frontex-Referendum zu unterst\u00fctzen. Gerechtigkeit f\u00fcr Gefl\u00fcchtete sieht die Bewegung als Teil ihrer Forderung nach Klimagerechtigkeit.<\/p>\n\n\n\n<p>\u00abWir brauchen Klimagerechtigkeit! Mit der Aufr\u00fcstung von Frontex, der europ\u00e4ischen Grenzwache, steuern wir auf das Gegenteil zu\u00bb, erkl\u00e4rt Robin Augsburger aus La Chaux-de-Fonds.<\/p>\n\n\n\n<p>\u00abEs gibt nur etwas, was ich fast genauso sehr f\u00fcrchte wie die Naturkatastrophen, welche die Klimakrise verursacht. Und das ist die Art und Weise, wie unserer Gesellschaft darauf reagieren wird. Ich will nicht in einer Welt leben, in welcher sich der Globale Norden in eine Festung verwandelt und den Globalen S\u00fcden in den Krisen, welche der Globale Norden verursachte, alleine l\u00e4sst. Nur mit Klimagerechtigkeit erreichen wir unser Ziel nach einer lebenswerten Zukunft!\u00bb, sagt Meret Schefer aus Bern.<\/p>\n<\/div><\/div>\n","protected":false},"excerpt":{"rendered":"<p>Klimastreik<\/p>\n","protected":false},"author":6,"featured_media":0,"comment_status":"open","ping_status":"closed","sticky":false,"template":"","format":"standard","meta":{"inline_featured_image":false,"neve_meta_sidebar":"full-width","neve_meta_container":"full-width","neve_meta_enable_content_width":"","neve_meta_content_width":0,"neve_meta_title_alignment":"","neve_meta_author_avatar":"","neve_post_elements_order":"[\"content\",\"related-posts\"]","neve_meta_disable_header":"","neve_meta_disable_footer":"","neve_meta_disable_title":"","neve_meta_reading_time":"","_EventAllDay":false,"_EventTimezone":"","_EventStartDate":"","_EventEndDate":"","_EventStartDateUTC":"","_EventEndDateUTC":"","_EventShowMap":false,"_EventShowMapLink":false,"_EventURL":"","_EventCost":"","_EventCostDescription":"","_EventCurrencySymbol":"","_EventCurrencyCode":"","_EventCurrencyPosition":"","_EventDateTimeSeparator":"","_EventTimeRangeSeparator":"","_EventOrganizerID":[],"_EventVenueID":[],"_OrganizerEmail":"","_OrganizerPhone":"","_OrganizerWebsite":"","_VenueAddress":"","_VenueCity":"","_VenueCountry":"","_VenueProvince":"","_VenueState":"","_VenueZip":"","_VenuePhone":"","_VenueURL":"","_VenueStateProvince":"","_VenueLat":"","_VenueLng":"","_VenueShowMap":false,"_VenueShowMapLink":false,"footnotes":""},"categories":[31],"tags":[],"class_list":["post-2910","post","type-post","status-publish","format-standard","hentry","category-kommentar"],"jetpack_sharing_enabled":true,"jetpack_featured_media_url":"","_links":{"self":[{"href":"https:\/\/frontex-referendum.ch\/fr\/wp-json\/wp\/v2\/posts\/2910","targetHints":{"allow":["GET"]}}],"collection":[{"href":"https:\/\/frontex-referendum.ch\/fr\/wp-json\/wp\/v2\/posts"}],"about":[{"href":"https:\/\/frontex-referendum.ch\/fr\/wp-json\/wp\/v2\/types\/post"}],"author":[{"embeddable":true,"href":"https:\/\/frontex-referendum.ch\/fr\/wp-json\/wp\/v2\/users\/6"}],"replies":[{"embeddable":true,"href":"https:\/\/frontex-referendum.ch\/fr\/wp-json\/wp\/v2\/comments?post=2910"}],"version-history":[{"count":8,"href":"https:\/\/frontex-referendum.ch\/fr\/wp-json\/wp\/v2\/posts\/2910\/revisions"}],"predecessor-version":[{"id":3238,"href":"https:\/\/frontex-referendum.ch\/fr\/wp-json\/wp\/v2\/posts\/2910\/revisions\/3238"}],"wp:attachment":[{"href":"https:\/\/frontex-referendum.ch\/fr\/wp-json\/wp\/v2\/media?parent=2910"}],"wp:term":[{"taxonomy":"category","embeddable":true,"href":"https:\/\/frontex-referendum.ch\/fr\/wp-json\/wp\/v2\/categories?post=2910"},{"taxonomy":"post_tag","embeddable":true,"href":"https:\/\/frontex-referendum.ch\/fr\/wp-json\/wp\/v2\/tags?post=2910"}],"curies":[{"name":"wp","href":"https:\/\/api.w.org\/{rel}","templated":true}]}}