{"id":2589,"date":"2021-12-22T20:21:06","date_gmt":"2021-12-22T19:21:06","guid":{"rendered":"https:\/\/frontex-referendum.ch\/?p=2589"},"modified":"2022-01-10T08:56:02","modified_gmt":"2022-01-10T07:56:02","slug":"oui-ca-vaut-la-peine-de-continuer-a-recolter","status":"publish","type":"post","link":"https:\/\/frontex-referendum.ch\/fr\/2021\/12\/22\/oui-ca-vaut-la-peine-de-continuer-a-recolter\/","title":{"rendered":"Oui, \u00e7a vaut la peine de continuer \u00e0 r\u00e9colter!"},"content":{"rendered":"\n<div class=\"wp-block-group af-article-head\"><div class=\"wp-block-group__inner-container is-layout-flow wp-block-group-is-layout-flow\">\n<h1 class=\"wp-block-heading\">Oui, \u00e7a vaut la peine de continuer \u00e0 r\u00e9colter!<\/h1>\n<\/div><\/div>\n\n<div class=\"wp-block-group af-article-body af-links--soft\"><div class=\"wp-block-group__inner-container is-layout-flow wp-block-group-is-layout-flow\">\n<p>Mi-d\u00e9cembre, nous avons d\u00fb <a href=\"https:\/\/frontex-referendum.ch\/fr\/2021\/12\/17\/referendum-nofrontex-10000-signatures-cest-trop-peu\/\">tirer la sonnette d\u2019alarme<\/a>. Seules 10\u2019000 signatures nous \u00e9taient parvenues. Nous en sommes maintenant \u00e0 33\u2019000 !!! Beaucoup nous ont demand\u00e9 depuis si les efforts en valaient encore la peine. <\/p>\n\n\n\n<h2 class=\"wp-block-heading\">Nous disons trois fois OUI:<\/h2>\n\n\n\n<p>\u278a OUI, en raison de la situation COVID, nous gagnons trois semaines et pouvons continuer \u00e0 r\u00e9colter jusqu\u2019\u00e0 la date de remise du r\u00e9f\u00e9rendum, le 20 janvier. La Chancellerie d\u2019Etat autorise exceptionnellement \u00e0 terminer la validation des 50\u2019000 signatures apr\u00e8s leur d\u00e9p\u00f4t.<br\/>\u278b OUI, car nous recevons chaque jour plus de signatures. Plus de personnes s\u2019engagent et de nombreuses organisations ont (re)lanc\u00e9 des appels \u00e0 signer et \u00e0 faire signer le r\u00e9f\u00e9rendum. Si nous continuons \u00e0 ce rythme, nous y arriverons de justesse.<br\/>\u278c OUI, r\u00e9colter nous permet de prendre de l\u2019espace dans la rue et dans les m\u00e9dias afin d\u2019informer la majorit\u00e9 de la soci\u00e9t\u00e9 sur les probl\u00e8mes li\u00e9s \u00e0 Frontex et sur le r\u00f4le problematique de la Suisse aux fronti\u00e8res ext\u00e9rieures de la forteresse Europe. Cela semble n\u00e9cessaire. Beaucoup ne savent rien de Frontex.<\/p>\n\n\n\n<div style=\"height:100px\" aria-hidden=\"true\" class=\"wp-block-spacer af-spacer-m\"><\/div>\n\n\n\n<p class=\"has-medium-font-size\">Soyons r\u00e9alistes, tentons l\u2019impossible !<\/p>\n\n\n\n<div style=\"height:100px\" aria-hidden=\"true\" class=\"wp-block-spacer af-spacer-m\"><\/div>\n\n\n\n<p class=\"af-btn-icon af-btn-icon--arrow-heavy-white af-box-m--link af-box-m--fill-dark has-medium-font-size\"><a href=\"https:\/\/frontex-referendum.ch\/fr\/participer\/#sign\">Signer maintenant!<\/a><\/p>\n<\/div><\/div>\n","protected":false},"excerpt":{"rendered":"<p>Oui, \u00e7a vaut la peine de continuer \u00e0 r\u00e9colter! Mi-d\u00e9cembre, nous avons d\u00fb tirer la sonnette d\u2019alarme. Seules 10\u2019000 signatures nous \u00e9taient parvenues. Nous en sommes maintenant \u00e0 33\u2019000 !!!&hellip;&nbsp;<a href=\"https:\/\/frontex-referendum.ch\/fr\/2021\/12\/22\/oui-ca-vaut-la-peine-de-continuer-a-recolter\/\" class=\"\" rel=\"bookmark\">Lire la suite &raquo;<span class=\"screen-reader-text\">Oui, \u00e7a vaut la peine de continuer \u00e0 r\u00e9colter!<\/span><\/a><\/p>\n","protected":false},"author":6,"featured_media":0,"comment_status":"open","ping_status":"closed","sticky":false,"template":"","format":"standard","meta":{"inline_featured_image":false,"neve_meta_sidebar":"full-width","neve_meta_container":"full-width","neve_meta_enable_content_width":"","neve_meta_content_width":0,"neve_meta_title_alignment":"","neve_meta_author_avatar":"","neve_post_elements_order":"[\"content\"]","neve_meta_disable_header":"","neve_meta_disable_footer":"","neve_meta_disable_title":"","neve_meta_reading_time":"","_EventAllDay":false,"_EventTimezone":"","_EventStartDate":"","_EventEndDate":"","_EventStartDateUTC":"","_EventEndDateUTC":"","_EventShowMap":false,"_EventShowMapLink":false,"_EventURL":"","_EventCost":"","_EventCostDescription":"","_EventCurrencySymbol":"","_EventCurrencyCode":"","_EventCurrencyPosition":"","_EventDateTimeSeparator":"","_EventTimeRangeSeparator":"","_EventOrganizerID":[],"_EventVenueID":[],"_OrganizerEmail":"","_OrganizerPhone":"","_OrganizerWebsite":"","_VenueAddress":"","_VenueCity":"","_VenueCountry":"","_VenueProvince":"","_VenueState":"","_VenueZip":"","_VenuePhone":"","_VenueURL":"","_VenueStateProvince":"","_VenueLat":"","_VenueLng":"","_VenueShowMap":false,"_VenueShowMapLink":false,"footnotes":""},"categories":[19],"tags":[],"class_list":["post-2589","post","type-post","status-publish","format-standard","hentry","category-communique-de-presse"],"jetpack_sharing_enabled":true,"jetpack_featured_media_url":"","_links":{"self":[{"href":"https:\/\/frontex-referendum.ch\/fr\/wp-json\/wp\/v2\/posts\/2589","targetHints":{"allow":["GET"]}}],"collection":[{"href":"https:\/\/frontex-referendum.ch\/fr\/wp-json\/wp\/v2\/posts"}],"about":[{"href":"https:\/\/frontex-referendum.ch\/fr\/wp-json\/wp\/v2\/types\/post"}],"author":[{"embeddable":true,"href":"https:\/\/frontex-referendum.ch\/fr\/wp-json\/wp\/v2\/users\/6"}],"replies":[{"embeddable":true,"href":"https:\/\/frontex-referendum.ch\/fr\/wp-json\/wp\/v2\/comments?post=2589"}],"version-history":[{"count":47,"href":"https:\/\/frontex-referendum.ch\/fr\/wp-json\/wp\/v2\/posts\/2589\/revisions"}],"predecessor-version":[{"id":3228,"href":"https:\/\/frontex-referendum.ch\/fr\/wp-json\/wp\/v2\/posts\/2589\/revisions\/3228"}],"wp:attachment":[{"href":"https:\/\/frontex-referendum.ch\/fr\/wp-json\/wp\/v2\/media?parent=2589"}],"wp:term":[{"taxonomy":"category","embeddable":true,"href":"https:\/\/frontex-referendum.ch\/fr\/wp-json\/wp\/v2\/categories?post=2589"},{"taxonomy":"post_tag","embeddable":true,"href":"https:\/\/frontex-referendum.ch\/fr\/wp-json\/wp\/v2\/tags?post=2589"}],"curies":[{"name":"wp","href":"https:\/\/api.w.org\/{rel}","templated":true}]}}