{"id":2415,"date":"2021-12-17T12:13:17","date_gmt":"2021-12-17T11:13:17","guid":{"rendered":"https:\/\/frontex-referendum.ch\/2021\/12\/17\/referendum-nofrontex-10000-signatures-cest-trop-peu\/"},"modified":"2021-12-17T13:38:07","modified_gmt":"2021-12-17T12:38:07","slug":"referendum-nofrontex-10000-signatures-cest-trop-peu","status":"publish","type":"post","link":"https:\/\/frontex-referendum.ch\/fr\/2021\/12\/17\/referendum-nofrontex-10000-signatures-cest-trop-peu\/","title":{"rendered":"R\u00e9f\u00e9rendum NoFrontex: 10\u2019000 signatures, c&rsquo;est trop peu !"},"content":{"rendered":"\n<div class=\"wp-block-group af-article-head\"><div class=\"wp-block-group__inner-container is-layout-flow wp-block-group-is-layout-flow\">\n<h1 class=\"has-huge-font-size wp-block-heading\">R\u00e9f\u00e9rendum NoFrontex: 10\u2019000 signatures, c&rsquo;est trop peu !<\/h1>\n\n\n<div class=\"wp-block-post-date\"><time datetime=\"2021-12-17T12:13:17+01:00\">17. d\u00e9cembre 2021<\/time><\/div>\n\n\n<p class=\"has-medium-font-size\">Le r\u00e9f\u00e9rendum contre Frontex est en marche, mais il risque malgr\u00e9 tout d&rsquo;\u00e9chouer. Le comit\u00e9 r\u00e9f\u00e9rendaire NoFrontex tire la sonnette d&rsquo;alarme : \u00abIl faut maintenant de toute urgence un bond solidaire\u00bb.<\/p>\n\n\n\n<p class=\"has-medium-font-size\">L&rsquo;importance du r\u00e9f\u00e9rendum est d\u00e9montr\u00e9e quotidiennement aux fronti\u00e8res ext\u00e9rieures de l&rsquo;Europe, sur la M\u00e9diterran\u00e9e ou sur la route des Balkans: violations des droits de l&rsquo;homme, pushbacks ill\u00e9gaux, collaboration avec les garde-c\u00f4tes libyens &#8211; l&rsquo;argent pour Frontex est synonyme de violence aux frontiers.<\/p>\n<\/div><\/div>\n\n<div class=\"wp-block-group af-article-body\"><div class=\"wp-block-group__inner-container is-layout-flow wp-block-group-is-layout-flow\">\n<h2 class=\"wp-block-heading\">Maintenant plus que jamais <br\/>le soutien est n\u00e9cessaire<\/h2>\n\n\n\n<p>Le r\u00e9f\u00e9rendum Frontex est port\u00e9 par de nombreuses petites organisations de base dans toutes les r\u00e9gions de Suisse. Des r\u00e9coltes ont lieu presque quotidiennement. De nombreuses personnes sans droit de vote participent \u00e9galement \u00e0 la r\u00e9colte. Et pourtant, seules 10&rsquo;000 signatures ont \u00e9t\u00e9 r\u00e9colt\u00e9es jusqu&rsquo;\u00e0 pr\u00e9sent. De plus, 10&rsquo;000 autres signatures sont probablement encore en route. Mais cela ne suffit pas encore et le temps est compt\u00e9. Il ne reste plus que 35 jours jusqu&rsquo;au d\u00e9p\u00f4t des signatures.<\/p>\n\n\n\n<p>La r\u00e9colte des signatures pour le r\u00e9f\u00e9rendum se d\u00e9roule dans des conditions difficiles : \u00e0 cause du Covid, il y a nettement moins de personnes dans les rues et les organisations de base qui portent le r\u00e9f\u00e9rendum r\u00e9coltent certainement avec assiduit\u00e9, mais pas avec la m\u00eame efficacit\u00e9 que les grandes organisations ou les partis &#8211; leur port\u00e9e et leur force de mobilisation sont d\u00e9sormais urgemment n\u00e9cessaires ! <\/p>\n\n\n\n<p>Le comit\u00e9 r\u00e9f\u00e9rendaire appelle tous les soutiens solidaires* \u00e0 r\u00e9colter des signatures avant la fin de l&rsquo;ann\u00e9e et \u00e0 les envoyer \u00e0 Berne. \u00ab Nous le devons aux r\u00e9fugi\u00e9s \u00bb, d\u00e9clare Saeed Farkhondeh du Migrant Solidarity Network.<\/p>\n\n\n\n<h2 class=\"wp-block-heading\">Violations des droits de l&rsquo;homme par Frontex<\/h2>\n\n\n\n<p>L&rsquo;importance du r\u00e9f\u00e9rendum appara\u00eet tous les jours aux fronti\u00e8res ext\u00e9rieures de l&rsquo;Europe, sur la M\u00e9diterran\u00e9e ou la route des Balkans. Frontex y est responsable de violations des droits de l&rsquo;homme, m\u00e8ne de nombreuses op\u00e9rations de refoulement ill\u00e9gaux ou collabore avec les garde-c\u00f4tes libyens. Et la Suisse devrait soutenir l&rsquo;agence avec toujours plus d&rsquo;argent et de personnel ? Pas en notre nom !<\/p>\n\n\n\n<p>Lors de la conf\u00e9rence de presse, plusieurs activistes qui rencontrent r\u00e9guli\u00e8rement Frontex dans le cadre de leur activit\u00e9 au sein d&rsquo;organisations de solidarit\u00e9 avec les migrant.e.s prendront la parole :<\/p>\n\n\n\n<blockquote class=\"wp-block-quote is-style-large is-layout-flow wp-block-quote-is-layout-flow\"><p>\u00ab Nos revendications : La libert\u00e9 de mouvement pour tous &#8211; la r\u00e9alit\u00e9 : toujours plus de cl\u00f4tures, de murs et de militarisation. Toujours plus de surveillance et de coop\u00e9rations douteuses. R\u00e9sultat : normalisation des push-backs et pull-backs violents. \u00bb<\/p><cite>Malek Ossi | WTM Alarmphone<\/cite><\/blockquote>\n\n\n\n<blockquote class=\"wp-block-quote is-style-large is-layout-flow wp-block-quote-is-layout-flow\"><p>\u00ab Avant les pushbacks, il y a souvent des coups, des tirs d&rsquo;avertissement et des menaces. \u00bb<\/p><cite>Rapport sur Frontex \u00e0 la fronti\u00e8re albano-grecque<\/cite><\/blockquote>\n\n\n\n<blockquote class=\"wp-block-quote is-style-large is-layout-flow wp-block-quote-is-layout-flow\"><p>\u00ab Ce r\u00e9f\u00e9rendum est une chance d\u2019enfin faire la lumi\u00e8re sur les agissements de Frontex, sur la collaboration de la Suisse et sur ce que cette politique de militarisation des fronti\u00e8res fait \u00e0 notre humanit\u00e9 et \u00e0 notre sens de la solidarit\u00e9. \u00bb<\/p><cite>Sophie Guignard | Solidarit\u00e9 sans fronti\u00e8res<\/cite><\/blockquote>\n\n\n\n<div style=\"height:100px\" aria-hidden=\"true\" class=\"wp-block-spacer af-spacer-m\"><\/div>\n\n\n\n<div class=\"wp-block-group af-box-m af-box-m--fill-dark\"><div class=\"wp-block-group__inner-container is-layout-flow wp-block-group-is-layout-flow\">\n<p class=\"af-btn-icon af-btn-icon--arrow-heavy-white\"><a href=\"https:\/\/frontex-referendum.ch\/wp-content\/uploads\/2021\/12\/Mediendossier_Dossier-de-presse_NoFrontex-2.pdf\" target=\"_blank\" rel=\"noreferrer noopener\">Dossier de presse (PDF, 0,4 Mo)<\/a><\/p>\n<\/div><\/div>\n\n\n\n<div style=\"height:100px\" aria-hidden=\"true\" class=\"wp-block-spacer af-spacer-s\"><\/div>\n\n\n\n<div class=\"wp-block-group af-box-m af-box-m--fill-dark\"><div class=\"wp-block-group__inner-container is-layout-flow wp-block-group-is-layout-flow\">\n<p class=\"af-btn-icon af-btn-icon--arrow-heavy-white\"><a href=\"https:\/\/frontex-referendum.ch\/fr\/participer\/#sign\">Signer maintenant!<\/a><\/p>\n<\/div><\/div>\n<\/div><\/div>\n","protected":false},"excerpt":{"rendered":"<p>R\u00e9f\u00e9rendum NoFrontex: 10\u2019000 signatures, c&rsquo;est trop peu ! Le r\u00e9f\u00e9rendum contre Frontex est en marche, mais il risque malgr\u00e9 tout d&rsquo;\u00e9chouer. Le comit\u00e9 r\u00e9f\u00e9rendaire NoFrontex tire la sonnette d&rsquo;alarme :&hellip;&nbsp;<a href=\"https:\/\/frontex-referendum.ch\/fr\/2021\/12\/17\/referendum-nofrontex-10000-signatures-cest-trop-peu\/\" class=\"\" rel=\"bookmark\">Lire la suite &raquo;<span class=\"screen-reader-text\">R\u00e9f\u00e9rendum NoFrontex: 10\u2019000 signatures, c&rsquo;est trop peu !<\/span><\/a><\/p>\n","protected":false},"author":6,"featured_media":0,"comment_status":"open","ping_status":"closed","sticky":false,"template":"","format":"standard","meta":{"inline_featured_image":false,"neve_meta_sidebar":"full-width","neve_meta_container":"","neve_meta_enable_content_width":"","neve_meta_content_width":0,"neve_meta_title_alignment":"","neve_meta_author_avatar":"","neve_post_elements_order":"","neve_meta_disable_header":"","neve_meta_disable_footer":"","neve_meta_disable_title":"","neve_meta_reading_time":"","_EventAllDay":false,"_EventTimezone":"","_EventStartDate":"","_EventEndDate":"","_EventStartDateUTC":"","_EventEndDateUTC":"","_EventShowMap":false,"_EventShowMapLink":false,"_EventURL":"","_EventCost":"","_EventCostDescription":"","_EventCurrencySymbol":"","_EventCurrencyCode":"","_EventCurrencyPosition":"","_EventDateTimeSeparator":"","_EventTimeRangeSeparator":"","_EventOrganizerID":[],"_EventVenueID":[],"_OrganizerEmail":"","_OrganizerPhone":"","_OrganizerWebsite":"","_VenueAddress":"","_VenueCity":"","_VenueCountry":"","_VenueProvince":"","_VenueState":"","_VenueZip":"","_VenuePhone":"","_VenueURL":"","_VenueStateProvince":"","_VenueLat":"","_VenueLng":"","_VenueShowMap":false,"_VenueShowMapLink":false,"footnotes":""},"categories":[19],"tags":[],"class_list":["post-2415","post","type-post","status-publish","format-standard","hentry","category-communique-de-presse"],"jetpack_sharing_enabled":true,"jetpack_featured_media_url":"","_links":{"self":[{"href":"https:\/\/frontex-referendum.ch\/fr\/wp-json\/wp\/v2\/posts\/2415","targetHints":{"allow":["GET"]}}],"collection":[{"href":"https:\/\/frontex-referendum.ch\/fr\/wp-json\/wp\/v2\/posts"}],"about":[{"href":"https:\/\/frontex-referendum.ch\/fr\/wp-json\/wp\/v2\/types\/post"}],"author":[{"embeddable":true,"href":"https:\/\/frontex-referendum.ch\/fr\/wp-json\/wp\/v2\/users\/6"}],"replies":[{"embeddable":true,"href":"https:\/\/frontex-referendum.ch\/fr\/wp-json\/wp\/v2\/comments?post=2415"}],"version-history":[{"count":11,"href":"https:\/\/frontex-referendum.ch\/fr\/wp-json\/wp\/v2\/posts\/2415\/revisions"}],"predecessor-version":[{"id":2453,"href":"https:\/\/frontex-referendum.ch\/fr\/wp-json\/wp\/v2\/posts\/2415\/revisions\/2453"}],"wp:attachment":[{"href":"https:\/\/frontex-referendum.ch\/fr\/wp-json\/wp\/v2\/media?parent=2415"}],"wp:term":[{"taxonomy":"category","embeddable":true,"href":"https:\/\/frontex-referendum.ch\/fr\/wp-json\/wp\/v2\/categories?post=2415"},{"taxonomy":"post_tag","embeddable":true,"href":"https:\/\/frontex-referendum.ch\/fr\/wp-json\/wp\/v2\/tags?post=2415"}],"curies":[{"name":"wp","href":"https:\/\/api.w.org\/{rel}","templated":true}]}}