{"id":2253,"date":"2021-12-10T10:40:47","date_gmt":"2021-12-10T09:40:47","guid":{"rendered":"https:\/\/frontex-referendum.ch\/2021\/12\/10\/droits-humains\/"},"modified":"2021-12-17T12:00:32","modified_gmt":"2021-12-17T11:00:32","slug":"droits-humains","status":"publish","type":"post","link":"https:\/\/frontex-referendum.ch\/fr\/2021\/12\/10\/droits-humains\/","title":{"rendered":"Droits humains"},"content":{"rendered":"\n<div class=\"wp-block-group af-article-head\"><div class=\"wp-block-group__inner-container is-layout-flow wp-block-group-is-layout-flow\">\n<h1 class=\"has-huge-font-size wp-block-heading\">Violations des droits humains aux fronti\u00e8res<\/h1>\n\n\n\n<p class=\"has-medium-font-size\">De nombreux rapports publi\u00e9s ces derni\u00e8res ann\u00e9es montrent que Frontex a \u00e9t\u00e9 (et est toujours) directement et indirectement impliqu\u00e9e dans de graves violations des droits humains. L\u2019agence et son directeur Fabrice Leggeri ne se soucient pas de la vie et des droits des personnes en fuite.<\/p>\n<\/div><\/div>\n\n<div class=\"wp-block-group af-article-body af-links--soft\"><div class=\"wp-block-group__inner-container is-layout-flow wp-block-group-is-layout-flow\">\n<p>Ces derni\u00e8res ann\u00e9es, les droits humains ont \u00e9t\u00e9 viol\u00e9s \u00e0 plusieurs reprises aux fronti\u00e8res ext\u00e9rieures de l\u2019UE, sous les yeux de Frontex. Il s&rsquo;agit souvent de ce que l&rsquo;on appelle des \u00ab pushbacks \u00bb, c&rsquo;est-\u00e0-dire le refoulement ill\u00e9gal de personnes en fuite \u00e0 la fronti\u00e8re sans leur donner la possibilit\u00e9 de d\u00e9poser une demande d&rsquo;asile. Cela ne viole pas seulement le droit fondamental \u00e0 une demande d&rsquo;asile, mais souvent aussi le principe de non-refoulement. Celui-ci interdit le renvoi de personnes vers des lieux o\u00f9 elles risquent d&rsquo;\u00eatre tortur\u00e9es ou de subir d&rsquo;autres violations des droits humains.  Les clarifications n\u00e9cessaires sont tout simplement ignor\u00e9es dans le cas des refoulements.<\/p>\n\n\n\n<h2 class=\"wp-block-heading\">Violations dans diff\u00e9rents domaines<\/h2>\n\n\n\n<p>Frontex s\u2019est \u00e0 plusieurs reprises comport\u00e9e de mani\u00e8re passive, pour ne pas dire complice, lors des pushbacks. Par exemple, des <a href=\"https:\/\/www.derbund.ch\/frontex-verschliesst-die-augen-456395025959\" target=\"_blank\" rel=\"noreferrer noopener\">milliers de personnes ont \u00e9t\u00e9 d\u00e9port\u00e9es \u00e0 la fronti\u00e8re serbo-hongroise sans proc\u00e9dure l\u00e9gale<\/a>. La Cour de justice de l\u2019Union europ\u00e9enne (CJUE) a condamn\u00e9 la Hongrie pour son traitement des personnes en fuite. Frontex \u00e9tait op\u00e9rationnelle dans cette r\u00e9gion pendant cette p\u00e9riode et a laiss\u00e9 sans commenter le r\u00e9gime de violence hongrois. Ce n\u2019est qu\u2019apr\u00e8s l\u2019arr\u00eat de la CJUE que l\u2019Agence europ\u00e9enne des fronti\u00e8res ext\u00e9rieures s\u2019est retir\u00e9e de Hongrie en janvier 2021. Elle ne s&rsquo;est pas engag\u00e9e pour les personnes qui fuient et contre les expulsions ill\u00e9gales de la Hongrie.<\/p>\n\n\n\n<p>La situation est similaire en Gr\u00e8ce, o\u00f9 <a rel=\"noreferrer noopener\" href=\"https:\/\/www.tagesschau.de\/investigativ\/report-mainz\/frontex-pushbacks-109.html\" target=\"_blank\">les gardes-fronti\u00e8res grecs abandonnent r\u00e9guli\u00e8rement des r\u00e9fugi\u00e9s dans la mer \u00c9g\u00e9e<\/a>. Ils d\u00e9truisent leurs bateaux et les laissent d\u00e9river en mer sans moteur ou sur des radeaux de sauvetage flottants. Le plan est clair : tout le monde doit \u00eatre renvoy\u00e9 en Turquie, sans aucune proc\u00e9dure. En 2020, il a maintenant \u00e9t\u00e9 r\u00e9v\u00e9l\u00e9 que les bateaux de Frontex \u00e9taient impliqu\u00e9s dans au moins 6 de ces rejets.<\/p>\n\n\n\n<p>Selon d\u2019autres rapports, des agents de Frontex ont \u00e9galement \u00e9t\u00e9 <a href=\"https:\/\/www.woz.ch\/2142\/fluechtlingspolitik\/ein-perfektes-verbrechen\">directement impliqu\u00e9s<\/a> dans d\u2019autres actions. En 2016, par exemple, une famille syrienne a \u00e9t\u00e9 renvoy\u00e9e en Turquie quelques jours seulement apr\u00e8s une dangereuse travers\u00e9e en bateau de la Turquie vers la Gr\u00e8ce &#8211; sans proc\u00e9dure d\u2019asile &#8211; et escort\u00e9e par des agents de Frontex. L\u00e0 encore, une affaire est en cours devant la Cour de justice de l\u2019Union europ\u00e9enne (CJUE).<\/p>\n\n\n\n<h2 class=\"wp-block-heading\">Plus rien ne reste pour les droits fondamentaux<\/h2>\n\n\n\n<p>Cet incident et d\u2019autres incidents prouv\u00e9s similaires ont conduit le Parlement europ\u00e9en \u00e0 lancer une enqu\u00eate. Le <a href=\"https:\/\/www.statewatch.org\/media\/2590\/ep-frontex-scrutiny-group-final-report-14-7-21.pdf\" target=\"_blank\" rel=\"noreferrer noopener\">rapport d\u2019enqu\u00eate<\/a> indique que Frontex avait connaissance de violations des droits fondamentaux dans plusieurs cas, dans des zones o\u00f9 Frontex \u00e9tait \u00e9galement impliqu\u00e9e dans le contr\u00f4le des fronti\u00e8res. Cependant, l\u2019agence n\u2019a pas emp\u00each\u00e9 ces incidents ni tent\u00e9 de pr\u00e9venir de futures violations des droits fondamentaux. Le rapport note \u00e9galement que Frontex ne traite pas de mani\u00e8re ad\u00e9quate les rapports externes ou internes de violations des droits humains &#8211; les Serious Incident Reports, outil permettant de signaler les violations des droits humains, ne fonctionnent pas du tout.<\/p>\n\n\n\n<p>Outre la violation des obligations juridiques internationales, il y a les innombrables utilisations de la violence physique et psychologique par les autorit\u00e9s frontali\u00e8res contre les migrants, qui sont tr\u00e8s souvent accompagn\u00e9es de pushbacks. Les personnes en fuite sont attaqu\u00e9es avec <a href=\"https:\/\/www.independent.co.uk\/news\/world\/europe\/refugee-crisis-deaths-mediterranean-libya-coastguard-opens-fire-drowned-gunshots-ngos-rescue-boat-a7754176.html\" target=\"_blank\" rel=\"noreferrer noopener\">des armes \u00e0 feu<\/a>, <a href=\"https:\/\/www.srf.ch\/news\/international\/pushbacks-an-eu-grenze-video-beweis-kroatische-polizisten-pruegeln-migranten-aus-der-eu\" target=\"_blank\" rel=\"noreferrer noopener\">des matraques<\/a>, <a href=\"https:\/\/balkaninsight.com\/2020\/02\/06\/frontexs-history-of-handling-abuse-evidence-dogs-balkan-expansion\/\" target=\"_blank\" rel=\"noreferrer noopener\">des chiens de combat<\/a>, <a href=\"https:\/\/apnews.com\/article\/middle-east-europe-migration-technology-health-c23251bec65ba45205a0851fab07e9b6\" target=\"_blank\" rel=\"noreferrer noopener\">des canons sonores<\/a> et <a href=\"https:\/\/www.zeit.de\/politik\/ausland\/2021-11\/belarus-grenze-polen-wasserwerfer-migranten\" target=\"_blank\" rel=\"noreferrer noopener\">des canons \u00e0 eau<\/a>. Elles sont vol\u00e9es, tortur\u00e9es, abandonn\u00e9es et tu\u00e9es. Ceux et celles qui s\u2019attendraient ici au potentiel d\u2019une influence d\u00e9cisive d\u2019une agence europ\u00e9enne de protection des fronti\u00e8res aux vues similaires dans l\u2019int\u00e9r\u00eat des <a href=\"https:\/\/european-union.europa.eu\/principles-countries-history\/principles-and-values\/aims-and-values_en\" target=\"_blank\" rel=\"noreferrer noopener\">\u00ab valeurs europ\u00e9ennes \u00bb<\/a> resteront <a href=\"https:\/\/www.hrw.org\/news\/2021\/06\/23\/frontex-failing-protect-people-eu-borders\" target=\"_blank\" rel=\"noreferrer noopener\">d\u00e9\u00e7u\u00b7e\u00b7s<\/a>.<\/p>\n\n\n\n<p>Lorsque Fabrice Leggeri, directeur g\u00e9n\u00e9ral de Frontex, <a rel=\"noreferrer noopener\" href=\"https:\/\/frontex.europa.eu\/media-centre\/news\/news-release\/frontex-executive-director-visits-poland-s-border-with-belarus-LAS4dG\" target=\"_blank\">a visit\u00e9 la fronti\u00e8re entre le Belarus et la Pologne<\/a> en octobre, il a \u00e9t\u00e9 positivement impressionn\u00e9 par les moyens utilis\u00e9s pour \u00ab s\u00e9curiser la fronti\u00e8re \u00bb. Il s\u2019est f\u00e9licit\u00e9 de la coop\u00e9ration entre Frontex et la Pologne depuis le d\u00e9but de la \u00ab crise \u00bb. Cependant, il n\u2019a pas dit un mot sur les milliers de personnes qui \u00e9taient bloqu\u00e9es \u00e0 cette m\u00eame fronti\u00e8re dans des conditions inhumaines. Quelques semaines plus tard, Frontex a annonc\u00e9 son intention de participer \u00e0 <a rel=\"noreferrer noopener\" href=\"https:\/\/twitter.com\/NikolajNielsen\/status\/1458826426329845765\" target=\"_blank\">l\u2019expulsion de 1 700 r\u00e9fugi\u00e9s irakiens<\/a> de cette r\u00e9gion frontali\u00e8re. <\/p>\n\n\n\n<p>Ces derniers mois montrent que Frontex, sous la pression appropri\u00e9e de l\u2019opinion publique, a pris ses distances par rapport aux actions trop manifestement violentes de certaines autorit\u00e9s frontali\u00e8res nationales. Mais en tant que bras op\u00e9rationnel de la politique europ\u00e9enne de fermeture, Frontex contribue directement et indirectement \u00e0 effrayer et \u00e0 refouler les gens. La violence qui va de pair avec cela est accept\u00e9e &#8211; ou d\u00e9l\u00e9gu\u00e9e, comme le montre notamment la <a rel=\"noreferrer noopener\" href=\"https:\/\/www.tagesschau.de\/investigativ\/monitor\/frontex-rueckfuehrungen-libyen-101.html\" target=\"_blank\">collaboration actuelle entre Frontex et les soi-disant \u00ab garde-c\u00f4tes \u00bb libyens<\/a>.<\/p>\n\n\n\n<hr class=\"wp-block-separator\"\/>\n\n\n\n<p>Plus d&rsquo;informations :<\/p>\n\n\n\n<div class=\"wp-block-group af-box-m af-box-m--fill-dark\"><div class=\"wp-block-group__inner-container is-layout-flow wp-block-group-is-layout-flow\">\n<h3 class=\"af-btn-icon af-btn-icon--arrow-heavy-white wp-block-heading\"><a href=\"https:\/\/frontex-referendum.ch\/fr\/contexte\/medias-rapports-sur-frontex-et-la-politique-europeenne-de-cloisonnement\/\">Rapports sur Frontex et la politique europ\u00e9enne de cloisonnement<\/a><\/h3>\n<\/div><\/div>\n<\/div><\/div>\n\n<p><\/p>\n","protected":false},"excerpt":{"rendered":"<p>Violations des droits humains aux fronti\u00e8res De nombreux rapports publi\u00e9s ces derni\u00e8res ann\u00e9es montrent que Frontex a \u00e9t\u00e9 (et est toujours) directement et indirectement impliqu\u00e9e dans de graves violations des&hellip;&nbsp;<a href=\"https:\/\/frontex-referendum.ch\/fr\/2021\/12\/10\/droits-humains\/\" class=\"\" rel=\"bookmark\">Lire la suite &raquo;<span class=\"screen-reader-text\">Droits humains<\/span><\/a><\/p>\n","protected":false},"author":6,"featured_media":0,"comment_status":"open","ping_status":"closed","sticky":false,"template":"","format":"standard","meta":{"inline_featured_image":false,"neve_meta_sidebar":"full-width","neve_meta_container":"full-width","neve_meta_enable_content_width":"off","neve_meta_content_width":70,"neve_meta_title_alignment":"","neve_meta_author_avatar":"","neve_post_elements_order":"[\"content\"]","neve_meta_disable_header":"off","neve_meta_disable_footer":"","neve_meta_disable_title":"","neve_meta_reading_time":"","_EventAllDay":false,"_EventTimezone":"","_EventStartDate":"","_EventEndDate":"","_EventStartDateUTC":"","_EventEndDateUTC":"","_EventShowMap":false,"_EventShowMapLink":false,"_EventURL":"","_EventCost":"","_EventCostDescription":"","_EventCurrencySymbol":"","_EventCurrencyCode":"","_EventCurrencyPosition":"","_EventDateTimeSeparator":"","_EventTimeRangeSeparator":"","_EventOrganizerID":[],"_EventVenueID":[],"_OrganizerEmail":"","_OrganizerPhone":"","_OrganizerWebsite":"","_VenueAddress":"","_VenueCity":"","_VenueCountry":"","_VenueProvince":"","_VenueState":"","_VenueZip":"","_VenuePhone":"","_VenueURL":"","_VenueStateProvince":"","_VenueLat":"","_VenueLng":"","_VenueShowMap":false,"_VenueShowMapLink":false,"footnotes":""},"categories":[38],"tags":[],"class_list":["post-2253","post","type-post","status-publish","format-standard","hentry","category-focus-fr"],"jetpack_sharing_enabled":true,"jetpack_featured_media_url":"","_links":{"self":[{"href":"https:\/\/frontex-referendum.ch\/fr\/wp-json\/wp\/v2\/posts\/2253","targetHints":{"allow":["GET"]}}],"collection":[{"href":"https:\/\/frontex-referendum.ch\/fr\/wp-json\/wp\/v2\/posts"}],"about":[{"href":"https:\/\/frontex-referendum.ch\/fr\/wp-json\/wp\/v2\/types\/post"}],"author":[{"embeddable":true,"href":"https:\/\/frontex-referendum.ch\/fr\/wp-json\/wp\/v2\/users\/6"}],"replies":[{"embeddable":true,"href":"https:\/\/frontex-referendum.ch\/fr\/wp-json\/wp\/v2\/comments?post=2253"}],"version-history":[{"count":9,"href":"https:\/\/frontex-referendum.ch\/fr\/wp-json\/wp\/v2\/posts\/2253\/revisions"}],"predecessor-version":[{"id":2409,"href":"https:\/\/frontex-referendum.ch\/fr\/wp-json\/wp\/v2\/posts\/2253\/revisions\/2409"}],"wp:attachment":[{"href":"https:\/\/frontex-referendum.ch\/fr\/wp-json\/wp\/v2\/media?parent=2253"}],"wp:term":[{"taxonomy":"category","embeddable":true,"href":"https:\/\/frontex-referendum.ch\/fr\/wp-json\/wp\/v2\/categories?post=2253"},{"taxonomy":"post_tag","embeddable":true,"href":"https:\/\/frontex-referendum.ch\/fr\/wp-json\/wp\/v2\/tags?post=2253"}],"curies":[{"name":"wp","href":"https:\/\/api.w.org\/{rel}","templated":true}]}}