{"id":1833,"date":"2021-11-30T23:19:36","date_gmt":"2021-11-30T22:19:36","guid":{"rendered":"https:\/\/frontex-referendum.ch\/?p=1833"},"modified":"2022-01-07T23:00:07","modified_gmt":"2022-01-07T22:00:07","slug":"pourquoi-nous-sommes-contre-frontex-prise-de-position-du-migrant-solidarity-network","status":"publish","type":"post","link":"https:\/\/frontex-referendum.ch\/fr\/2021\/11\/30\/pourquoi-nous-sommes-contre-frontex-prise-de-position-du-migrant-solidarity-network\/","title":{"rendered":"Pourquoi nous sommes contre Frontex"},"content":{"rendered":"\n<div class=\"wp-block-group af-article-head\"><div class=\"wp-block-group__inner-container is-layout-flow wp-block-group-is-layout-flow\">\n<h1 class=\"wp-block-heading\">Pourquoi nous sommes contre Frontex<\/h1>\n<\/div><\/div>\n\n<div class=\"wp-block-group af-article-body af-links--soft\"><div class=\"wp-block-group__inner-container is-layout-flow wp-block-group-is-layout-flow\">\n<div class=\"wp-block-group af-article-body__meta\"><div class=\"wp-block-group__inner-container is-layout-flow wp-block-group-is-layout-flow\"><div class=\"has-text-align-left wp-block-post-date\"><time datetime=\"2021-11-30T23:19:36+01:00\">30. novembre 2021<\/time><\/div>\n\n\n<p>Prise de position du <a href=\"https:\/\/www.migrant-solidarity-network.ch\" target=\"_blank\" rel=\"noreferrer noopener\">Migrant Solidarity Network<\/a><\/p>\n<\/div><\/div>\n\n\n\n<h2 class=\"wp-block-heading\">Frontex s\u00e9pare violemment les personnes.<\/h2>\n\n\n\n<p>Par la surveillance, les contr\u00f4les et la violence polici\u00e8re aux fronti\u00e8res ext\u00e9rieures de l&rsquo;espace Schengen, Frontex classe les personnes dans des cat\u00e9gories telles que la \u00ab nationalit\u00e9 \u00bb, le \u00ab sexe \u00bb, l&rsquo;\u00ab \u00e2ge \u00bb, le \u00ab statut de r\u00e9fugi\u00e9\u00b7e \u00bb et les traite ensuite de mani\u00e8re in\u00e9gale. Frontex privil\u00e9gie les Europ\u00e9en\u00b7ne\u00b7s et discrimine toutes les autres personnes. Cette in\u00e9galit\u00e9 de traitement raciste entre les personnes d&rsquo;Europe et du Sud mondial remonte \u00e0 l&rsquo;\u00e9poque coloniale, o\u00f9 l&rsquo;Europe a construit un monde injuste avec beaucoup de violence. <\/p>\n\n\n\n<h2 class=\"wp-block-heading\">Frontex n&rsquo;est pas une co\u00efncidence.<\/h2>\n\n\n\n<p>Le manque de protection des droits humains des personnes migrant\u00b7e\u00b7s en mer n&rsquo;est pas une \u00ab anomalie tragique \u00bb, mais bien la cons\u00e9quence de d\u00e9cisions politiques concr\u00e8tes. Il s&rsquo;agit de pratiques d\u00e9lib\u00e9r\u00e9es des \u00c9tats membres et des institutions europ\u00e9ennes, ainsi que d&rsquo;autres acteurs\u00b7trices. Ensemble, iels cr\u00e9ent un environnement dans lequel la dignit\u00e9 et les droits humains des personnes migrant\u00b7e\u00b7s sont menac\u00e9\u00b7e\u00b7s.<\/p>\n\n\n\n<h2 class=\"wp-block-heading\">Frontex renforce l&rsquo;ordre mondial imp\u00e9rial.<\/h2>\n\n\n\n<p>Aujourd&rsquo;hui encore, l&rsquo;Europe opprime les personnes et les \u00c9tats du Sud global. En Europe, de nombreuses personnes se sentent sup\u00e9rieur\u00b7e\u00b7s aux habitant\u00b7e\u00b7s du Sud mondial et n&rsquo;ont donc aucun probl\u00e8me \u00e0 exploiter et \u00e0 traiter diff\u00e9remment le reste du monde. Le pouvoir frontalier de Frontex renouvelle et perp\u00e9tue sans cesse les relations commerciales mondiales asym\u00e9triques et l&rsquo;ordre mondial imp\u00e9rialiste entre les personnes et les \u00c9tats de l&rsquo;espace Schengen et ceux du Sud mondial.<\/p>\n\n\n\n<h2 class=\"wp-block-heading\">Frontex renforce l&rsquo;exclusion discriminatoire du march\u00e9 du travail europ\u00e9en.<\/h2>\n\n\n\n<p>Alors que les employ\u00e9\u00b7e\u00b7s europ\u00e9en\u00b7ne\u00b7s peuvent chercher du travail partout dans l&rsquo;espace Schengen et obtenir un droit de s\u00e9jour avec un contrat de travail, les employ\u00e9\u00b7e\u00b7s des pays du Sud mondial sont exclu\u00b7e\u00b7s du march\u00e9 du travail europ\u00e9en. Et m\u00eame s\u2019iels trouvent un emploi en tant que sans-papiers et travaillent dur pendant des ann\u00e9es, cela ne signifie pas qu&rsquo;iels ont le droit de rester. Frontex impose par la force cette exclusion discriminatoire \u00e0 la fronti\u00e8re ext\u00e9rieure de l&rsquo;espace Schengen, que ce soit lors de l\u2019arriv\u00e9e dans cette zone ou, de plus en plus souvent, lors du d\u00e9part suite \u00e0 une expulsion. <\/p>\n\n\n\n<h2 class=\"wp-block-heading\">Frontex transforme les zones frontali\u00e8res en zones militaris\u00e9es.<\/h2>\n\n\n\n<p>L\u00e0 o\u00f9 Frontex appara\u00eet, des cl\u00f4tures frontali\u00e8res ou des murs sont souvent \u00e9rig\u00e9s. Des drones et des cam\u00e9ras surveillent tout. Des agent\u00b7e\u00b7s arm\u00e9\u00b7e\u00b7s de la police des fronti\u00e8res patrouillent et m\u00e8nent des op\u00e9rations violentes telles que des refoulements. La vie dans ces r\u00e9gions est de plus en plus marqu\u00e9e par la surveillance et la violence frontali\u00e8re. Dans les Balkans, en mer \u00c9g\u00e9e, en Afrique du Nord ou aux Canaries, les communaut\u00e9s locales et les espaces de vie ont ainsi \u00e9t\u00e9 d\u00e9truits.<\/p>\n\n\n\n<h2 class=\"wp-block-heading\">Frontex bloque la libert\u00e9 de mouvement pour tout le monde.<\/h2>\n\n\n\n<p>La violence de Frontex aux fronti\u00e8res ext\u00e9rieures de l&rsquo;espace Schengen fait de l&rsquo;Europe une forteresse. La plupart des personnes originaires d&rsquo;Europe obtiennent un visa pour presque tous les \u00c9tats du monde et peuvent se d\u00e9placer tr\u00e8s librement. Il en va autrement pour les personnes originaires du Sud mondial. Leur libert\u00e9 de mouvement est limit\u00e9e. Plus iels se dirigent vers l&rsquo;Europe, plus les voyages par curiosit\u00e9, la migration pour le travail et m\u00eame la fuite sont rendus ill\u00e9gaux, extr\u00eamement dangereux et hors de prix.<\/p>\n\n\n\n<h2 class=\"wp-block-heading\">Frontex rend plus difficiles les relations libres, \u00e9galitaires et solidaires dans le monde entier.<\/h2>\n\n\n\n<p>Les d\u00e9fis mondiaux tels que le climat, les pand\u00e9mies, la guerre, la pauvret\u00e9 ou la faim exigent des r\u00e9ponses durables, bas\u00e9es sur la solidarit\u00e9 mondiale, l&rsquo;\u00e9galit\u00e9 et la libert\u00e9, plut\u00f4t que sur la concurrence, l&rsquo;exploitation et les querelles entre les humains et les \u00c9tats. La violence aux fronti\u00e8res, la surveillance, les expulsions de Frontex d\u00e9chirent, compliquent et emp\u00eachent en outre syst\u00e9matiquement les relations amoureuses, amicales ou familiales (choisies) entre les personnes du Sud mondial et du Nord. Au lieu de cela, les personnes issues de ces deux r\u00e9gions du monde se rencontrent et se qualifient d&rsquo;\u00e9trang\u00e8res.<\/p>\n\n\n\n<h2 class=\"wp-block-heading\">Frontex pr\u00e9sente la migration comme un danger.<\/h2>\n\n\n\n<p>Les agent\u00b7e\u00b7s de Frontex portent des armes et m\u00e8nent des op\u00e9rations polici\u00e8res, presque militaires. Iels r\u00e9digent de longues analyses de risques et parlent constamment de s\u00e9curit\u00e9. Ainsi, beaucoup ont le sentiment que l&rsquo;Europe est sous pression et qu&rsquo;elle doit se prot\u00e9ger d&rsquo;un danger \u00ab ext\u00e9rieur \u00bb. Ce pr\u00e9jug\u00e9 conduit de nombreuses personnes et de nombreux \u00c9tats de l&rsquo;espace Schengen \u00e0 consid\u00e9rer la solidarit\u00e9 nationaliste \u00ab vers l&rsquo;int\u00e9rieur \u00bb comme plus importante que la solidarit\u00e9 mondiale sans fronti\u00e8res.<\/p>\n\n\n\n<h2 class=\"wp-block-heading\">Frontex complique le \u00ab Defund Police \u00bb.<\/h2>\n\n\n\n<p>Pour combattre le profilage racial et la violence raciste de la police, le mouvement Black Lives Matter (les vies noires comptent) demande une r\u00e9duction des moyens financiers, du personnel, de l&rsquo;\u00e9quipement et des droits sp\u00e9ciaux de la police. Cela vaut \u00e9galement pour Frontex. Son budget a augment\u00e9 de 7000 % depuis sa cr\u00e9ation. De plus en plus de policier\u00b7\u00e8re\u00b7s travaillent pour Frontex avec de plus en plus de pouvoirs. Frontex dispose \u00e9galement d&rsquo;un \u00e9quipement de plus en plus \u00e9labor\u00e9. Tout cela est \u00e0 disposition pour que des policier\u00b7\u00e8re\u00b7s privil\u00e9giant le racisme agissent efficacement, syst\u00e9matiquement et violemment contre les personnes victimes de discrimination raciale \u00e0 la fronti\u00e8re de l&rsquo;espace Schengen.<\/p>\n\n\n\n<h2 class=\"wp-block-heading\">Frontex conduit \u00e0 la militarisation et \u00e0 l&rsquo;ins\u00e9curit\u00e9 des routes migratoires.<\/h2>\n\n\n\n<p>Frontex assure la s\u00e9curit\u00e9 selon ses propres dires. Mais la s\u00e9curit\u00e9 pour qui ? Que signifient les op\u00e9rations arm\u00e9es des bient\u00f4t 10 000 agent\u00b7e\u00b7s de Frontex aux fronti\u00e8res ext\u00e9rieures de l&rsquo;Europe ? Les op\u00e9rations de drones ? Les saisies de donn\u00e9es num\u00e9riques et les syst\u00e8mes de surveillance ? Pour les personnes migrantes et les r\u00e9fugi\u00e9\u00b7e\u00b7s qui se dirigent vers l&rsquo;Europe, cela signifie : plus de mort, plus de souffrance et plus de privation de droits. La s\u00e9curit\u00e9 meurt avec la s\u00e9curit\u00e9.<\/p>\n\n\n\n<h2 class=\"wp-block-heading\">Frontex nuit au climat.<\/h2>\n\n\n\n<p>Les inondations, les s\u00e9cheresses et les temp\u00eates qui se multiplient en raison du changement climatique touchent principalement le Sud mondial de la plan\u00e8te. Pour ma\u00eetriser de telles crises climatiques, il faudrait que tous les habitant\u00b7e\u00b7s de la plan\u00e8te s&rsquo;unissent sans fronti\u00e8res. Frontex rend cela plus difficile. Elle enfonce un coin entre les \u00c9tats et les personnes dont l&#8217;empreinte \u00e9cologique est trop importante et ceux du Sud mondial qui sont touch\u00e9s par les cons\u00e9quences \u00e9cologiques du mode de vie imp\u00e9rialiste du Nord.<\/p>\n\n\n\n<h2 class=\"wp-block-heading\">Frontex fait monter les \u00e9missions de CO2.<\/h2>\n\n\n\n<p>La protection du climat n&rsquo;est pas seulement une t\u00e2che individuelle, mais aussi et surtout une t\u00e2che collective. Frontex fait partie du complexe militaro-industriel mondial. Celui-ci a une \u00e9norme empreinte \u00e9cologique et contribue aux \u00e9missions de CO2 par une consommation excessive de p\u00e9trole. Pendant la Seconde Guerre mondiale, l&rsquo;arm\u00e9e am\u00e9ricaine consommait un gallon d&rsquo;essence (3,7 litres) par personne et par jour. Pendant la guerre du Vietnam, ce chiffre \u00e9tait de neuf gallons, pendant l&rsquo;op\u00e9ration \u00ab Temp\u00eate du d\u00e9sert \u00bb, de dix gallons, et pendant la deuxi\u00e8me guerre du Golfe, de quinze gallons. Les technologies militaires actuelles atteignent des niveaux de consommation d&rsquo;\u00e9nergie insoup\u00e7onn\u00e9s.<\/p>\n<\/div><\/div>\n\n<p><\/p>\n","protected":false},"excerpt":{"rendered":"<p>Migrant Solidarity Network<\/p>\n","protected":false},"author":6,"featured_media":0,"comment_status":"open","ping_status":"closed","sticky":false,"template":"","format":"standard","meta":{"inline_featured_image":false,"neve_meta_sidebar":"full-width","neve_meta_container":"full-width","neve_meta_enable_content_width":"","neve_meta_content_width":0,"neve_meta_title_alignment":"","neve_meta_author_avatar":"","neve_post_elements_order":"[\"content\",\"related-posts\"]","neve_meta_disable_header":"","neve_meta_disable_footer":"","neve_meta_disable_title":"","neve_meta_reading_time":"","_EventAllDay":false,"_EventTimezone":"","_EventStartDate":"","_EventEndDate":"","_EventStartDateUTC":"","_EventEndDateUTC":"","_EventShowMap":false,"_EventShowMapLink":false,"_EventURL":"","_EventCost":"","_EventCostDescription":"","_EventCurrencySymbol":"","_EventCurrencyCode":"","_EventCurrencyPosition":"","_EventDateTimeSeparator":"","_EventTimeRangeSeparator":"","_EventOrganizerID":[],"_EventVenueID":[],"_OrganizerEmail":"","_OrganizerPhone":"","_OrganizerWebsite":"","_VenueAddress":"","_VenueCity":"","_VenueCountry":"","_VenueProvince":"","_VenueState":"","_VenueZip":"","_VenuePhone":"","_VenueURL":"","_VenueStateProvince":"","_VenueLat":"","_VenueLng":"","_VenueShowMap":false,"_VenueShowMapLink":false,"footnotes":""},"categories":[34,4],"tags":[],"class_list":["post-1833","post","type-post","status-publish","format-standard","hentry","category-commentaire","category-non-classifiee"],"jetpack_sharing_enabled":true,"jetpack_featured_media_url":"","_links":{"self":[{"href":"https:\/\/frontex-referendum.ch\/fr\/wp-json\/wp\/v2\/posts\/1833","targetHints":{"allow":["GET"]}}],"collection":[{"href":"https:\/\/frontex-referendum.ch\/fr\/wp-json\/wp\/v2\/posts"}],"about":[{"href":"https:\/\/frontex-referendum.ch\/fr\/wp-json\/wp\/v2\/types\/post"}],"author":[{"embeddable":true,"href":"https:\/\/frontex-referendum.ch\/fr\/wp-json\/wp\/v2\/users\/6"}],"replies":[{"embeddable":true,"href":"https:\/\/frontex-referendum.ch\/fr\/wp-json\/wp\/v2\/comments?post=1833"}],"version-history":[{"count":11,"href":"https:\/\/frontex-referendum.ch\/fr\/wp-json\/wp\/v2\/posts\/1833\/revisions"}],"predecessor-version":[{"id":3259,"href":"https:\/\/frontex-referendum.ch\/fr\/wp-json\/wp\/v2\/posts\/1833\/revisions\/3259"}],"wp:attachment":[{"href":"https:\/\/frontex-referendum.ch\/fr\/wp-json\/wp\/v2\/media?parent=1833"}],"wp:term":[{"taxonomy":"category","embeddable":true,"href":"https:\/\/frontex-referendum.ch\/fr\/wp-json\/wp\/v2\/categories?post=1833"},{"taxonomy":"post_tag","embeddable":true,"href":"https:\/\/frontex-referendum.ch\/fr\/wp-json\/wp\/v2\/tags?post=1833"}],"curies":[{"name":"wp","href":"https:\/\/api.w.org\/{rel}","templated":true}]}}