{"id":1796,"date":"2021-12-02T11:57:24","date_gmt":"2021-12-02T10:57:24","guid":{"rendered":"https:\/\/frontex-referendum.ch\/?p=1796"},"modified":"2022-01-07T22:56:26","modified_gmt":"2022-01-07T21:56:26","slug":"frontex-und-die-libysche-kuestenwache","status":"publish","type":"post","link":"https:\/\/frontex-referendum.ch\/fr\/2021\/12\/02\/frontex-und-die-libysche-kuestenwache\/","title":{"rendered":"Frontex und die libysche K\u00fcstenwache"},"content":{"rendered":"\n<div class=\"wp-block-group af-article-head\"><div class=\"wp-block-group__inner-container is-layout-flow wp-block-group-is-layout-flow\">\n<h1 class=\"wp-block-heading\">Frontex und die libysche K\u00fcstenwache<\/h1>\n<\/div><\/div>\n\n\n\n<div class=\"wp-block-group af-article-body af-links--soft\"><div class=\"wp-block-group__inner-container is-layout-flow wp-block-group-is-layout-flow\">\n<div class=\"wp-block-group af-article-body__meta\"><div class=\"wp-block-group__inner-container is-layout-flow wp-block-group-is-layout-flow\"><div class=\"wp-block-post-date\"><time datetime=\"2021-12-02T11:57:24+01:00\">2. d\u00e9cembre 2021<\/time><\/div>\n\n\n<p>Von Carola Rackete, Aktivistin Seenotrettung<\/p>\n<\/div><\/div>\n\n\n\n<figure class=\"wp-block-video\"><video height=\"1500\" style=\"aspect-ratio: 1500 \/ 1500;\" width=\"1500\" controls poster=\"https:\/\/frontex-referendum.ch\/wp-content\/uploads\/2021\/12\/Carola-Rackete-Poster-Image.jpg\" src=\"https:\/\/frontex-referendum.ch\/wp-content\/uploads\/2021\/12\/Carola-Rackete.mp4\"><\/video><\/figure>\n\n\n\n<h2 class=\"visually-hidden wp-block-heading\">Transkript<\/h2>\n\n\n\n<p>Hallo, ich bin Carola und ich m\u00f6chte euch sagen, warum die Schweiz sich auf keinen Fall weiter an Frontex-Eins\u00e4tzen beteiligen sollte.<\/p>\n\n\n\n<p>Im zentralen Mittelmeer ist es zum Beispiel so, dass Frontex gar keine eigenen Schiffe mehr hat. Auch die europ\u00e4ische Marine hat dort keine Schiffe mehr. Stattdessen hat Frontex Luftaufkl\u00e4rungsflugzeuge, die dort herumfliegen und die Daten dann direkt an die libysche K\u00fcstenwache weitergeben. Ein Schiff europ\u00e4ischer Flagge durfte niemals Menschen nach Lybien zur\u00fcckbringen, weil die Umst\u00e4nde dort so katastrophal sind und Migrant:innen und Refugees einfach so schweren Menschenrechtsverletzungen ausgesetzt sind.<\/p>\n\n\n\n<p>Jetzt ist es so, dass Frontex einfach die Daten der libyschen K\u00fcstenwache gibt, die diese Menschen dann teilweise auch aus der maltesischen Such- und Rettungszone zur\u00fcckschleppt. Allein in diesem Jahr haben <em>der Spiegel, ARD Monitor<\/em> und die franz\u00f6sische Zeitung <em>Lib\u00e9ration<\/em> davon 20 F\u00e4lle ver\u00f6ffentlicht. Der Chef der Grenzschutzagentur Frontex, Leggeri, l\u00fcgt regelm\u00e4ssig im Europ\u00e4ischen Parlament dar\u00fcber, was seine Agentur tut und wie viel sie \u00fcber diese Menschenrechtsverletzungen weiss, unter anderem auch in der \u00c4g\u00e4is.<\/p>\n\n\n\n<p>Wenn also die Schweiz daran nicht beteiligt sein m\u00f6chte, dass mit Hilfe von Frontex Menschen regelm\u00e4ssig und systematisch nach Lybien zur\u00fcckgef\u00fchrt werden, wo ihnen Folter, Kidnapping, sexuelle Gewalt und vieles weitere drohen, dann muss sich die Schweiz dringend aus Frontex zur\u00fcckziehen.<\/p>\n\n\n\n<h2 class=\"wp-block-heading\">Weitere Informationen<\/h2>\n\n\n\n<p>Medienberichte zur Situation in Libyen und der Zusammenarbeit zwischen Frontex und der libyischen \u00abK\u00fcstenwache\u00bb:<\/p>\n\n\n\n<p><a rel=\"noreferrer noopener\" href=\"https:\/\/www.woz.ch\/2151\/flucht-nach-europa\/die-verschwundenen-von-tripolis\" target=\"_blank\">Die Verschwundenen von Tripolis<\/a><br>Ian Urbina, aus dem Englischen von Anna Jikhareva, WOZ, 23.12.2021<\/p>\n\n\n\n<p><a rel=\"noreferrer noopener\" href=\"https:\/\/www.tagesschau.de\/investigativ\/monitor\/frontex-rueckfuehrungen-libyen-101.html\" target=\"_blank\">T\u00f6dliche Kollaboration<\/a><br>Shafagh Laghai und Lara Straatmann, WDR, 29.4.2021<\/p>\n\n\n\n<p><a rel=\"noreferrer noopener\" href=\"https:\/\/www.newyorker.com\/magazine\/2021\/12\/06\/the-secretive-libyan-prisons-that-keep-migrants-out-of-europe\" target=\"_blank\">The Secretive Prisons to keep Migrants out of Europe<\/a><br>Ian urbina, New Yorker, 28.11.2021<\/p>\n\n\n\n<p><a rel=\"noreferrer noopener\" href=\"https:\/\/www.theguardian.com\/commentisfree\/2020\/mar\/08\/detention-torture-and-killing-how-the-eu-outsourced-migration-policy\" target=\"_blank\">Detention, torture and killing how the EU outsourced migration policy<\/a><br>Kenan Malik, The Guardian, 8.3.2020<\/p>\n<\/div><\/div>\n\n\n\n<p><\/p>\n","protected":false},"excerpt":{"rendered":"<p>Carola Rackete<\/p>\n","protected":false},"author":6,"featured_media":0,"comment_status":"open","ping_status":"closed","sticky":false,"template":"","format":"standard","meta":{"inline_featured_image":false,"neve_meta_sidebar":"full-width","neve_meta_container":"full-width","neve_meta_enable_content_width":"","neve_meta_content_width":0,"neve_meta_title_alignment":"","neve_meta_author_avatar":"","neve_post_elements_order":"[\"content\",\"related-posts\"]","neve_meta_disable_header":"","neve_meta_disable_footer":"","neve_meta_disable_title":"","neve_meta_reading_time":"","_EventAllDay":false,"_EventTimezone":"","_EventStartDate":"","_EventEndDate":"","_EventStartDateUTC":"","_EventEndDateUTC":"","_EventShowMap":false,"_EventShowMapLink":false,"_EventURL":"","_EventCost":"","_EventCostDescription":"","_EventCurrencySymbol":"","_EventCurrencyCode":"","_EventCurrencyPosition":"","_EventDateTimeSeparator":"","_EventTimeRangeSeparator":"","_EventOrganizerID":[],"_EventVenueID":[],"_OrganizerEmail":"","_OrganizerPhone":"","_OrganizerWebsite":"","_VenueAddress":"","_VenueCity":"","_VenueCountry":"","_VenueProvince":"","_VenueState":"","_VenueZip":"","_VenuePhone":"","_VenueURL":"","_VenueStateProvince":"","_VenueLat":"","_VenueLng":"","_VenueShowMap":false,"_VenueShowMapLink":false,"footnotes":""},"categories":[31],"tags":[],"class_list":["post-1796","post","type-post","status-publish","format-standard","hentry","category-kommentar"],"jetpack_sharing_enabled":true,"jetpack_featured_media_url":"","_links":{"self":[{"href":"https:\/\/frontex-referendum.ch\/fr\/wp-json\/wp\/v2\/posts\/1796","targetHints":{"allow":["GET"]}}],"collection":[{"href":"https:\/\/frontex-referendum.ch\/fr\/wp-json\/wp\/v2\/posts"}],"about":[{"href":"https:\/\/frontex-referendum.ch\/fr\/wp-json\/wp\/v2\/types\/post"}],"author":[{"embeddable":true,"href":"https:\/\/frontex-referendum.ch\/fr\/wp-json\/wp\/v2\/users\/6"}],"replies":[{"embeddable":true,"href":"https:\/\/frontex-referendum.ch\/fr\/wp-json\/wp\/v2\/comments?post=1796"}],"version-history":[{"count":20,"href":"https:\/\/frontex-referendum.ch\/fr\/wp-json\/wp\/v2\/posts\/1796\/revisions"}],"predecessor-version":[{"id":3243,"href":"https:\/\/frontex-referendum.ch\/fr\/wp-json\/wp\/v2\/posts\/1796\/revisions\/3243"}],"wp:attachment":[{"href":"https:\/\/frontex-referendum.ch\/fr\/wp-json\/wp\/v2\/media?parent=1796"}],"wp:term":[{"taxonomy":"category","embeddable":true,"href":"https:\/\/frontex-referendum.ch\/fr\/wp-json\/wp\/v2\/categories?post=1796"},{"taxonomy":"post_tag","embeddable":true,"href":"https:\/\/frontex-referendum.ch\/fr\/wp-json\/wp\/v2\/tags?post=1796"}],"curies":[{"name":"wp","href":"https:\/\/api.w.org\/{rel}","templated":true}]}}