{"id":5604,"global_id":"frontex-referendum.ch\/fr\/?id=5604","global_id_lineage":["frontex-referendum.ch\/fr\/?id=5604"],"author":"4","status":"publish","date":"2022-04-17 13:10:22","date_utc":"2022-04-17 11:10:22","modified":"2022-04-25 18:26:24","modified_utc":"2022-04-25 16:26:24","url":"https:\/\/frontex-referendum.ch\/fr\/event\/soiree-dinformation-et-de-reflexion\/","rest_url":"https:\/\/frontex-referendum.ch\/fr\/wp-json\/tribe\/events\/v1\/events\/5604","title":"Soir\u00e9e d\u2019information et de r\u00e9flexion","description":"<div class=\"wp-block-group af-event-details\"><div class=\"wp-block-group__inner-container is-layout-flow wp-block-group-is-layout-flow\">\n<div class=\"wp-block-group af-event-details__main\"><div class=\"wp-block-group__inner-container is-layout-flow wp-block-group-is-layout-flow\">\n<p class=\"has-small-font-size\">Soir\u00e9e d\u2019information et de r\u00e9flexion organis\u00e9e par la paroisse r\u00e9form\u00e9e de Neuch\u00e2tel sur les enjeux de la votation. Film de Madeleine Leroyer \u00ab#387\u00bb, en lien avec le lancement de l\u2019action <a rel=\"noreferrer noopener\" href=\"https:\/\/www.beimnamennennen.ch\/fr\/2022\/neuchatel\" target=\"_blank\">\u00abLes nommer par leur nom, pour faire m\u00e9moire des personnes mortes aux fronti\u00e8res de l\u2019Europe\u00bb<\/a>. <\/p>\n\n\n\n<p class=\"has-small-font-size\">Avec Pierre B\u00fchler, professeur \u00e9m\u00e9rite de th\u00e9ologie, engag\u00e9 dans des questions de migration et d\u2019asile.<\/p>\n\n\n\n<p class=\"has-small-font-size\">Entr\u00e9e libre et collecte \u00e9 la sortie.<\/p>\n\n\n\n<p class=\"af-btn-icon af-btn-icon--arrow-heavy-white af-event-details__main__event-link\"><a href=\"https:\/\/www.eren.ch\/neuchatel\/dimanche-des-refugies-et-frontex\/\">Site web de l&rsquo;\u00e9v\u00e9nement<\/a> <\/p>\n\n\n\n<p class=\"af-btn-icon af-btn-icon--arrow-heavy-white\"><a rel=\"noreferrer noopener\" href=\"https:\/\/www.lamarneuch.ch\/wp-content\/uploads\/2022\/04\/Programme_NoFrontex_Neuchatel.pdf\" target=\"_blank\">Tous les \u00e9v\u00e8nements \u00e0 Neuch\u00e2tel (PDF)<\/a><\/p>\n<\/div><\/div>\n\n\n\n<div class=\"wp-block-group af-event-details__meta\"><div class=\"wp-block-group__inner-container is-layout-flow wp-block-group-is-layout-flow\">\n<div class=\"wp-block-group af-event-details__meta__organizer-venue\"><div class=\"wp-block-group__inner-container is-layout-flow wp-block-group-is-layout-flow\">\n<div class=\"wp-block-group af-event-details__meta__datetime\"><div class=\"wp-block-group__inner-container is-layout-flow wp-block-group-is-layout-flow\">\n<h2 class=\"wp-block-heading\">Quand: <\/h2>\n\n\n<div  class=\"tribe-events-schedule tribe-clearfix\" >\n\t<h2 class=\"tribe-events-schedule__datetime\">\n\t\t<span class=\"tribe-events-schedule__date tribe-events-schedule__date--start\">\n\t\t\t\t\t<\/span>\n\n\t\t\t\t\t<span class=\"tribe-events-schedule__separator tribe-events-schedule__separator--date\">\n\t\t\t\t , \t\t\t<\/span>\n\t\t\t<span class=\"tribe-events-schedule__time tribe-events-schedule__time--start\">\n\t\t\t\t\t\t\t<\/span>\n\t\t\n\t\t\t<\/h2>\n<\/div>\n<\/div><\/div>\n\n\n\n<div class=\"wp-block-group af-event-details__meta__venue\"><div class=\"wp-block-group__inner-container is-layout-flow wp-block-group-is-layout-flow\">\n<h2 class=\"wp-block-heading\">Lieu: <\/h2>\n\n\n\n<p>Temple du Bas<br>Rue du Temple-Neuf 5<br>2000 Neuch\u00e2tel<\/p>\n\n\n\n<p class=\"af-btn-icon af-btn-icon--arrow-heavy-white\"><a href=\"https:\/\/maps.google.com\/maps?f=q&amp;source=s_q&amp;geocode=&amp;q=Neuch%C3%A2tel%2C%20Rue%20du%20Temple-Neuf%205%2C%202000%2C%20Schweiz\">Google Maps<\/a><\/p>\n<\/div><\/div>\n\n\n\n<div class=\"wp-block-group af-event-details__meta__organizer\"><div class=\"wp-block-group__inner-container is-layout-flow wp-block-group-is-layout-flow\">\n<h2 class=\"wp-block-heading\">Organis\u00e9e par: <\/h2>\n\n\n\n<p><a href=\"https:\/\/www.eren.ch\/neuchatel\/\" target=\"_blank\" rel=\"noreferrer noopener\">Paroisse reform\u00e9ee de Neuch\u00e2tel<\/a><br>le comit\u00e9 NoFrontex du canton de Neuch\u00e2tel<\/p>\n<\/div><\/div>\n<\/div><\/div>\n\n\n\n<div class=\"wp-block-group af-event-add-to-calendar\"><div class=\"wp-block-group__inner-container is-layout-flow wp-block-group-is-layout-flow\">\n<h2 class=\"wp-block-heading\">Ajouter au calendrier:<\/h2>\n\n\n\t<div  class=\"tribe-block tribe-block__events-link\" >\n\t\t<div class=\"tribe-events tribe-common\">\n\t\t\t<div class=\"tribe-events-c-subscribe-dropdown__container\">\n\t\t\t\t<div class=\"tribe-events-c-subscribe-dropdown\">\n\t\t\t\t\t<div class=\"tribe-common-c-btn-border tribe-events-c-subscribe-dropdown__button\">\n\t\t\t\t\t\t<svg  class=\"tribe-common-c-svgicon tribe-common-c-svgicon--cal-export tribe-events-c-subscribe-dropdown__export-icon\"  viewBox=\"0 0 23 17\" xmlns=\"http:\/\/www.w3.org\/2000\/svg\">\n  <path fill-rule=\"evenodd\" clip-rule=\"evenodd\" d=\"M.128.896V16.13c0 .211.145.383.323.383h15.354c.179 0 .323-.172.323-.383V.896c0-.212-.144-.383-.323-.383H.451C.273.513.128.684.128.896Zm16 6.742h-.901V4.679H1.009v10.729h14.218v-3.336h.901V7.638ZM1.01 1.614h14.218v2.058H1.009V1.614Z\" \/>\n  <path d=\"M20.5 9.846H8.312M18.524 6.953l2.89 2.909-2.855 2.855\" stroke-width=\"1.2\" stroke-linecap=\"round\" stroke-linejoin=\"round\"\/>\n<\/svg>\n\t\t\t\t\t\t<button\n\t\t\t\t\t\t\tclass=\"tribe-events-c-subscribe-dropdown__button-text\"\n\t\t\t\t\t\t\taria-expanded=\"false\"\n\t\t\t\t\t\t\taria-controls=\"tribe-events-subscribe-dropdown-content\"\n\t\t\t\t\t\t\taria-label=\"\"\n\t\t\t\t\t\t>\n\t\t\t\t\t\t\tAjouter au calendrier\t\t\t\t\t\t<\/button>\n\t\t\t\t\t\t<svg  class=\"tribe-common-c-svgicon tribe-common-c-svgicon--caret-down tribe-events-c-subscribe-dropdown__button-icon\"  viewBox=\"0 0 10 7\" xmlns=\"http:\/\/www.w3.org\/2000\/svg\"><path fill-rule=\"evenodd\" clip-rule=\"evenodd\" d=\"M1.008.609L5 4.6 8.992.61l.958.958L5 6.517.05 1.566l.958-.958z\" class=\"tribe-common-c-svgicon__svg-fill\"\/><\/svg>\n\t\t\t\t\t<\/div>\n\t\t\t\t\t<div id=\"tribe-events-subscribe-dropdown-content\" class=\"tribe-events-c-subscribe-dropdown__content\">\n\t\t\t\t\t\t<ul class=\"tribe-events-c-subscribe-dropdown__list\">\n\t\t\t\t\t\t\t\t\t\t\t\t\t\t\t<li class=\"tribe-events-c-subscribe-dropdown__list-item\">\n\t\t\t\t\t\t\t\t\t<a\n\t\t\t\t\t\t\t\t\t\thref=\"\"\n\t\t\t\t\t\t\t\t\t\tclass=\"tribe-events-c-subscribe-dropdown__list-item-link\"\n\t\t\t\t\t\t\t\t\t\ttarget=\"_blank\"\n\t\t\t\t\t\t\t\t\t\trel=\"noopener noreferrer nofollow noindex\"\n\t\t\t\t\t\t\t\t\t>\n\t\t\t\t\t\t\t\t\t\tGoogle Agenda\t\t\t\t\t\t\t\t\t<\/a>\n\t\t\t\t\t\t\t\t<\/li>\n\t\t\t\t\t\t\t\t\t\t\t\t\t\t\t<li class=\"tribe-events-c-subscribe-dropdown__list-item\">\n\t\t\t\t\t\t\t\t\t<a\n\t\t\t\t\t\t\t\t\t\thref=\"\"\n\t\t\t\t\t\t\t\t\t\tclass=\"tribe-events-c-subscribe-dropdown__list-item-link\"\n\t\t\t\t\t\t\t\t\t\ttarget=\"_blank\"\n\t\t\t\t\t\t\t\t\t\trel=\"noopener noreferrer nofollow noindex\"\n\t\t\t\t\t\t\t\t\t>\n\t\t\t\t\t\t\t\t\t\tiCalendar\t\t\t\t\t\t\t\t\t<\/a>\n\t\t\t\t\t\t\t\t<\/li>\n\t\t\t\t\t\t\t\t\t\t\t\t\t\t\t<li class=\"tribe-events-c-subscribe-dropdown__list-item\">\n\t\t\t\t\t\t\t\t\t<a\n\t\t\t\t\t\t\t\t\t\thref=\"\"\n\t\t\t\t\t\t\t\t\t\tclass=\"tribe-events-c-subscribe-dropdown__list-item-link\"\n\t\t\t\t\t\t\t\t\t\ttarget=\"_blank\"\n\t\t\t\t\t\t\t\t\t\trel=\"noopener noreferrer nofollow noindex\"\n\t\t\t\t\t\t\t\t\t>\n\t\t\t\t\t\t\t\t\t\tOutlook 365\t\t\t\t\t\t\t\t\t<\/a>\n\t\t\t\t\t\t\t\t<\/li>\n\t\t\t\t\t\t\t\t\t\t\t\t\t\t\t<li class=\"tribe-events-c-subscribe-dropdown__list-item\">\n\t\t\t\t\t\t\t\t\t<a\n\t\t\t\t\t\t\t\t\t\thref=\"\"\n\t\t\t\t\t\t\t\t\t\tclass=\"tribe-events-c-subscribe-dropdown__list-item-link\"\n\t\t\t\t\t\t\t\t\t\ttarget=\"_blank\"\n\t\t\t\t\t\t\t\t\t\trel=\"noopener noreferrer nofollow noindex\"\n\t\t\t\t\t\t\t\t\t>\n\t\t\t\t\t\t\t\t\t\tOutlook Live\t\t\t\t\t\t\t\t\t<\/a>\n\t\t\t\t\t\t\t\t<\/li>\n\t\t\t\t\t\t\t\t\t\t\t\t\t<\/ul>\n\t\t\t\t\t<\/div>\n\t\t\t\t<\/div>\n\t\t\t<\/div>\n\t\t<\/div>\n\t<\/div>\n\n<\/div><\/div>\n<\/div><\/div>\n<\/div><\/div>\n\n\n<div  class=\"tribe-block tribe-block__organizer__details tribe-clearfix\" >\n\t<div class=\"tribe-block__organizer__title\">\n\t\t<h3>Paroisse reform\u00e9e de neuchatel<\/h3>\n\t<\/div>\n\t\t\t\t<p class=\"tribe-block__organizer__website\"><a href=\"https:\/\/www.eren.ch\/neuchatel\/\" target=\"_self\" rel=\"external\">Voir le site Organisateur<\/a><\/p>\n\t\t<\/div>\n\n\n<div  class=\"tribe-block tribe-block__organizer__details tribe-clearfix\" >\n\t<div class=\"tribe-block__organizer__title\">\n\t\t<h3>Comit\u00e9 NoFrontex du canton de Neuch\u00e2tel<\/h3>\n\t<\/div>\n\t\t\t<\/div>\n\n\n<div  class=\"tribe-block tribe-block__venue tribe-clearfix\" >\n\t\n\t\t\n\t<\/div>","excerpt":"<p>Soir\u00e9e d\u2019information et de r\u00e9flexion organis\u00e9e par la paroisse r\u00e9form\u00e9e de Neuch\u00e2tel sur les enjeux de la votation. Film de Madeleine Leroyer \u00ab#387\u00bb<\/p>","slug":"soiree-dinformation-et-de-reflexion","image":false,"all_day":false,"start_date":"2022-04-27 19:30:00","start_date_details":{"year":"2022","month":"04","day":"27","hour":"19","minutes":"30","seconds":"00"},"end_date":"2022-04-27 21:30:00","end_date_details":{"year":"2022","month":"04","day":"27","hour":"21","minutes":"30","seconds":"00"},"utc_start_date":"2022-04-27 17:30:00","utc_start_date_details":{"year":"2022","month":"04","day":"27","hour":"17","minutes":"30","seconds":"00"},"utc_end_date":"2022-04-27 19:30:00","utc_end_date_details":{"year":"2022","month":"04","day":"27","hour":"19","minutes":"30","seconds":"00"},"timezone":"Europe\/Zurich","timezone_abbr":"","cost":"","cost_details":{"currency_symbol":"CHF","currency_code":"USD","currency_position":"prefix","values":[]},"website":"","show_map":false,"show_map_link":true,"hide_from_listings":false,"sticky":false,"featured":false,"categories":[{"name":"Infoveranstaltung","slug":"infoveranstaltung","term_group":0,"term_taxonomy_id":45,"taxonomy":"tribe_events_cat","description":"Referate, Pr\u00e4sentationen, usw.","parent":0,"count":20,"filter":"raw","id":45,"urls":{"self":"https:\/\/frontex-referendum.ch\/fr\/wp-json\/tribe\/events\/v1\/categories\/45","collection":"https:\/\/frontex-referendum.ch\/fr\/wp-json\/tribe\/events\/v1\/categories"}},{"name":"Kultur","slug":"kultur","term_group":0,"term_taxonomy_id":48,"taxonomy":"tribe_events_cat","description":"Filmvorf\u00fchrung, Ausstellung, usw.","parent":0,"count":20,"filter":"raw","id":48,"urls":{"self":"https:\/\/frontex-referendum.ch\/fr\/wp-json\/tribe\/events\/v1\/categories\/48","collection":"https:\/\/frontex-referendum.ch\/fr\/wp-json\/tribe\/events\/v1\/categories"}}],"tags":[{"name":"Neuch\u00e2tel","slug":"neuchatel","term_group":0,"term_taxonomy_id":50,"taxonomy":"post_tag","description":"","parent":0,"count":7,"filter":"raw","id":50,"urls":{"self":"https:\/\/frontex-referendum.ch\/fr\/wp-json\/tribe\/events\/v1\/tags\/50","collection":"https:\/\/frontex-referendum.ch\/fr\/wp-json\/tribe\/events\/v1\/tags"}}],"venue":{"id":5602,"author":"4","status":"publish","date":"2022-04-17 12:50:21","date_utc":"2022-04-17 10:50:21","modified":"2022-04-17 12:50:21","modified_utc":"2022-04-17 10:50:21","url":"https:\/\/frontex-referendum.ch\/fr\/lieu\/temple-du-bas\/","venue":"Temple du Bas","slug":"temple-du-bas","address":"Rue du Temple-Neuf 5","city":"Neuch\u00e2tel","country":"Schweiz","zip":"2000","json_ld":{"@type":"Place","name":"Temple du Bas","description":"","url":"","address":{"@type":"PostalAddress","streetAddress":"Rue du Temple-Neuf 5","addressLocality":"Neuch\u00e2tel","postalCode":"2000","addressCountry":"Schweiz"},"telephone":"","sameAs":""},"show_map":false,"show_map_link":true,"global_id":"frontex-referendum.ch\/fr\/?id=5602","global_id_lineage":["frontex-referendum.ch\/fr\/?id=5602"]},"organizer":[{"id":5597,"author":"4","status":"publish","date":"2022-04-17 12:10:08","date_utc":"2022-04-17 10:10:08","modified":"2022-04-17 12:10:08","modified_utc":"2022-04-17 10:10:08","url":"https:\/\/frontex-referendum.ch\/fr\/organisateur\/paroisse-reformee-de-neuchatel\/","organizer":"Paroisse reform\u00e9e de neuchatel","slug":"paroisse-reformee-de-neuchatel","website":"https:\/\/www.eren.ch\/neuchatel\/","json_ld":{"@type":"Person","name":"Paroisse reform\u00e9e de neuchatel","description":"","url":"https:\/\/www.eren.ch\/neuchatel\/","telephone":"","email":"","sameAs":"https:\/\/www.eren.ch\/neuchatel\/"},"global_id":"frontex-referendum.ch\/fr\/?id=5597","global_id_lineage":["frontex-referendum.ch\/fr\/?id=5597"]},{"id":4720,"author":"4","status":"publish","date":"2022-04-02 19:37:52","date_utc":"2022-04-02 17:37:52","modified":"2022-04-17 13:18:38","modified_utc":"2022-04-17 11:18:38","url":"https:\/\/frontex-referendum.ch\/fr\/organisateur\/comite-neuchatelois-contre-le-financement-de-frontex\/","organizer":"Comit\u00e9 NoFrontex du canton de Neuch\u00e2tel","slug":"comite-neuchatelois-contre-le-financement-de-frontex","json_ld":{"@type":"Person","name":"Comit\u00e9 NoFrontex du canton de Neuch\u00e2tel","description":"","url":"","telephone":"","email":"","sameAs":""},"global_id":"frontex-referendum.ch\/fr\/?id=4720","global_id_lineage":["frontex-referendum.ch\/fr\/?id=4720"]}],"json_ld":{"@context":"http:\/\/schema.org","@type":"Event","name":"Soir\u00e9e d\u2019information et de r\u00e9flexion","description":"&lt;p&gt;Soir\u00e9e d\u2019information et de r\u00e9flexion organis\u00e9e par la paroisse r\u00e9form\u00e9e de Neuch\u00e2tel sur les enjeux de la votation. Film de Madeleine Leroyer \u00ab#387\u00bb&lt;\/p&gt;\\n","url":"https:\/\/frontex-referendum.ch\/fr\/event\/soiree-dinformation-et-de-reflexion\/","eventAttendanceMode":"https:\/\/schema.org\/OfflineEventAttendanceMode","eventStatus":"https:\/\/schema.org\/EventScheduled","startDate":"2022-04-27T19:30:00+02:00","endDate":"2022-04-27T21:30:00+02:00","location":{"@type":"Place","name":"Temple du Bas","description":"","url":"","address":{"@type":"PostalAddress","streetAddress":"Rue du Temple-Neuf 5","addressLocality":"Neuch\u00e2tel","postalCode":"2000","addressCountry":"Schweiz"},"telephone":"","sameAs":""},"organizer":{"@type":"Person","name":"Paroisse reform\u00e9e de neuchatel","description":"","url":"https:\/\/www.eren.ch\/neuchatel\/","telephone":"","email":"","sameAs":"https:\/\/www.eren.ch\/neuchatel\/"},"performer":"Organization"}}