{"id":2954,"date":"2021-12-03T23:49:00","date_gmt":"2021-12-03T22:49:00","guid":{"rendered":"https:\/\/frontex-referendum.ch\/?p=2954"},"modified":"2022-01-07T22:54:33","modified_gmt":"2022-01-07T21:54:33","slug":"frontex-und-die-schweiz","status":"publish","type":"post","link":"https:\/\/frontex-referendum.ch\/en\/2021\/12\/03\/frontex-und-die-schweiz\/","title":{"rendered":"Frontex und die Schweiz"},"content":{"rendered":"\n<div class=\"wp-block-group af-article-head\"><div class=\"wp-block-group__inner-container is-layout-flow wp-block-group-is-layout-flow\">\n<h1 class=\"wp-block-heading\">Frontex und die Schweiz<\/h1>\n<\/div><\/div>\n\n\n\n<div class=\"wp-block-group af-article-body af-links--soft\"><div class=\"wp-block-group__inner-container is-layout-flow wp-block-group-is-layout-flow\">\n<div class=\"wp-block-group af-article-body__meta\"><div class=\"wp-block-group__inner-container is-layout-flow wp-block-group-is-layout-flow\"><div class=\"wp-block-post-date\"><time datetime=\"2021-12-03T23:49:00+01:00\">3. December 2021<\/time><\/div>\n\n\n<p>Von Mahtab Aziztaemeh, Journalistin bei der interkulturellen Onlineplattform <a rel=\"noreferrer noopener\" href=\"https:\/\/lucify.ch\" target=\"_blank\">lucify.ch<\/a>. Produziert als <a rel=\"noreferrer noopener\" href=\"https:\/\/rabe.ch\/2021\/12\/03\/radioblog-frontex-und-die-schweiz\/\" target=\"_blank\">Beitrag f\u00fcr RaBe-Info<\/a>.<\/p>\n<\/div><\/div>\n\n\n\n<figure class=\"wp-block-audio\"><audio controls src=\"https:\/\/frontex-referendum.ch\/wp-content\/uploads\/2021\/12\/2021-12-03_Radioblog-Frontex_RaBe.mp3\"><\/audio><\/figure>\n\n\n\n<h2 class=\"visually-hidden wp-block-heading\">Transkript<\/h2>\n\n\n\n<p>Frontex ist die Grenzschutzagentur von Europa. Sie ist daf\u00fcr zust\u00e4ndig, Ausschaffungen in der gesamten EU zu planen und durchzuf\u00fchren, auch von sogenannt \u00abirregul\u00e4ren Migrant:innen\u00bb, und es gibt immer mehr Beweise, dass Frontex dabei auch an illegalen Pushbacks beteiligt ist.<\/p>\n\n\n\n<p>K\u00fcrzlich hat nun das Schweizer Parlament entschieden, Frontex k\u00fcnftig mit bis zu 61 Millionen zu st\u00e4rken. Dagegen hat das <em>Migrant Solidarity Network<\/em> das Referendum ergriffen. Das Netzwerk fordert eine andere Migrations- und Asylpolitik. Sie sagen \u00abJa zur Bewegungsfreiheit f\u00fcr alle, Nein zur Militarisierung der Grenzen, Nein zu systemischen Menschenrechtsverletzungen und Nein zur \u00dcberwachung von Menschen auf der Flucht\u00bb. So schottet Frontex Europa gewaltvoll ab und macht Flucht und Migration unsicherer. Das bedeutet mehr Tote im Mittelmeer, mehr Folter in Libyen, mehr illegale Pushbacks, Grenzgewalt und Leid auf der Balkanroute und in der \u00c4g\u00e4is.<\/p>\n\n\n\n<p>Auch nach der gef\u00e4hrlichen Reise nach Europa ist f\u00fcr viele die Gefahr nicht vorbei. Es droht das Leben in Camps oder die zwangsweise oder die sogenannt \u00abfreiwillige\u00bb R\u00fcckf\u00fchrung. Auch in diesem Prozess der Entrechtung und der Entw\u00fcrdigung spielt Frontex eine zentrale Rolle.<\/p>\n\n\n\n<p>Wenn man \u00fcber die Frontex spricht, sagen viele in der Schweiz \u00abJa, das stimmt, Frontex ist echt schlimm. Sie machen viele illegale Dinge\u00bb. Aber die Schweiz sei ja nicht in der EU, wir seien neutral. Wir w\u00fcrden nicht dazugeh\u00f6ren. Aber das stimmt nicht. Auch die Schweiz ist Teil von Frontex. Ich finde dieses Referendum extrem wichtig, weil es zeigt: Die Schweiz ist nicht neutral. Die Schweiz hat entschieden, k\u00fcnftig j\u00e4hrlich bis zu 61 Millionen Franken an Frontex zu zahlen, damit sie an den Aussengrenzen weiter Gewalt aus\u00fcbt, weiter wachsen kann und neue Aufgaben \u00fcbernehmen. Das heisst, mit dem zus\u00e4tzlichen Geld wird nicht nur st\u00e4rker militarisiert und abgeschottet, sondern auch mehr Menschen aus Europa ausgeschafft. Die Schweiz unterst\u00fctzt und st\u00e4rkt Frontex mit 61 Millionen Franken. Das bedeutet, die Schweiz ist nicht neutral. Sie ist sogar mittendrin in diesem menschenverachtenden europ\u00e4ischen Projekt.<\/p>\n<\/div><\/div>\n","protected":false},"excerpt":{"rendered":"<p>Mahtab Aziztaemeh<\/p>\n","protected":false},"author":6,"featured_media":0,"comment_status":"open","ping_status":"closed","sticky":false,"template":"","format":"standard","meta":{"inline_featured_image":false,"neve_meta_sidebar":"full-width","neve_meta_container":"full-width","neve_meta_enable_content_width":"","neve_meta_content_width":0,"neve_meta_title_alignment":"","neve_meta_author_avatar":"","neve_post_elements_order":"[\"content\",\"related-posts\"]","neve_meta_disable_header":"","neve_meta_disable_footer":"","neve_meta_disable_title":"","neve_meta_reading_time":"","_EventAllDay":false,"_EventTimezone":"","_EventStartDate":"","_EventEndDate":"","_EventStartDateUTC":"","_EventEndDateUTC":"","_EventShowMap":false,"_EventShowMapLink":false,"_EventURL":"","_EventCost":"","_EventCostDescription":"","_EventCurrencySymbol":"","_EventCurrencyCode":"","_EventCurrencyPosition":"","_EventDateTimeSeparator":"","_EventTimeRangeSeparator":"","_EventOrganizerID":[],"_EventVenueID":[],"_OrganizerEmail":"","_OrganizerPhone":"","_OrganizerWebsite":"","_VenueAddress":"","_VenueCity":"","_VenueCountry":"","_VenueProvince":"","_VenueState":"","_VenueZip":"","_VenuePhone":"","_VenueURL":"","_VenueStateProvince":"","_VenueLat":"","_VenueLng":"","_VenueShowMap":false,"_VenueShowMapLink":false,"footnotes":""},"categories":[31],"tags":[],"class_list":["post-2954","post","type-post","status-publish","format-standard","hentry","category-kommentar"],"jetpack_sharing_enabled":true,"jetpack_featured_media_url":"","_links":{"self":[{"href":"https:\/\/frontex-referendum.ch\/en\/wp-json\/wp\/v2\/posts\/2954","targetHints":{"allow":["GET"]}}],"collection":[{"href":"https:\/\/frontex-referendum.ch\/en\/wp-json\/wp\/v2\/posts"}],"about":[{"href":"https:\/\/frontex-referendum.ch\/en\/wp-json\/wp\/v2\/types\/post"}],"author":[{"embeddable":true,"href":"https:\/\/frontex-referendum.ch\/en\/wp-json\/wp\/v2\/users\/6"}],"replies":[{"embeddable":true,"href":"https:\/\/frontex-referendum.ch\/en\/wp-json\/wp\/v2\/comments?post=2954"}],"version-history":[{"count":9,"href":"https:\/\/frontex-referendum.ch\/en\/wp-json\/wp\/v2\/posts\/2954\/revisions"}],"predecessor-version":[{"id":3242,"href":"https:\/\/frontex-referendum.ch\/en\/wp-json\/wp\/v2\/posts\/2954\/revisions\/3242"}],"wp:attachment":[{"href":"https:\/\/frontex-referendum.ch\/en\/wp-json\/wp\/v2\/media?parent=2954"}],"wp:term":[{"taxonomy":"category","embeddable":true,"href":"https:\/\/frontex-referendum.ch\/en\/wp-json\/wp\/v2\/categories?post=2954"},{"taxonomy":"post_tag","embeddable":true,"href":"https:\/\/frontex-referendum.ch\/en\/wp-json\/wp\/v2\/tags?post=2954"}],"curies":[{"name":"wp","href":"https:\/\/api.w.org\/{rel}","templated":true}]}}