{"id":2492,"date":"2021-12-19T18:47:26","date_gmt":"2021-12-19T17:47:26","guid":{"rendered":"https:\/\/frontex-referendum.ch\/?p=2492"},"modified":"2022-01-07T22:53:02","modified_gmt":"2022-01-07T21:53:02","slug":"frontex-schaut-dem-sterben-im-mittelmeer-zu","status":"publish","type":"post","link":"https:\/\/frontex-referendum.ch\/en\/2021\/12\/19\/frontex-schaut-dem-sterben-im-mittelmeer-zu\/","title":{"rendered":"Frontex schaut dem Sterben im Mittelmeer zu"},"content":{"rendered":"\n<div class=\"wp-block-group af-article-head\"><div class=\"wp-block-group__inner-container is-layout-flow wp-block-group-is-layout-flow\">\n<h1 class=\"wp-block-heading\">Frontex schaut dem Sterben im Mittelmeer zu<\/h1>\n<\/div><\/div>\n\n\n\n<div class=\"wp-block-group af-article-body af-links--soft\"><div class=\"wp-block-group__inner-container is-layout-flow wp-block-group-is-layout-flow\">\n<div class=\"wp-block-group af-article-body__meta\"><div class=\"wp-block-group__inner-container is-layout-flow wp-block-group-is-layout-flow\"><div class=\"wp-block-post-date\"><time datetime=\"2021-12-19T18:47:26+01:00\">19. December 2021<\/time><\/div>\n\n\n<p>Von Malek Ossi, <a href=\"https:\/\/alarmphone.org\" target=\"_blank\" rel=\"noreferrer noopener\">WTM Alarmphone<\/a><\/p>\n<\/div><\/div>\n\n\n\n<p>Watch the Med Alarmphone ist ein transnationales Netzwerk. Wir betreiben eine Telefonhotline f\u00fcr Migrant:innen in Seenot. Unsere Forderungen: Bewegungsfreiheit f\u00fcr alle \u2013 die Realit\u00e4t: immer mehr Z\u00e4une, Mauern und Militarisierung. Immer mehr \u00dcberwachung und zweifelhafte Kooperationen. Das Resultat: Normalisierung von gewaltt\u00e4tigen Push- und Pullbacks und sogenannten \u00abLeft-to-die-Booten\u00bb. Frontex ist eine treibende Kraft hinter dieser Entwicklung. Deshalb muss der personelle Ausbau und die Finanzierung von Frontex gestoppt werden \u2013 die Schweiz darf nicht Komplizin sein in dieser t\u00f6dlichen Politik. <\/p>\n\n\n\n<p>Zentrales Mittelmeer: Zusammen mit anderen NGOs hat das Alarm Phone den <a rel=\"noreferrer noopener\" href=\"https:\/\/eu-libya.info\/\" target=\"_blank\">Bericht \u00abRemote Control\u00bb<\/a> verfasst. Der Bericht beleuchtet die Zusammenarbeit zwischen der EU und Libyen beim massenhaften Abfangen von migrantischen Booten im zentralen Mittelmeer. Ein entscheidender Akteur in dieser Entwicklung ist Frontex. Die aktuelle Frontex-Mission in der Region tr\u00e4gt den Namen Thermis. Auch bei dieser Frontex-Operation ist es aufgrund mangelnder Transparenz und Rechenschaftspflicht f\u00fcr NGO und Organisationen der Zivilgesellschaft schwierig, die operativen Besonderheiten zu verstehen. Bekannt ist lediglich, dass die Operation in erster Linie das Ziel hat, die EU-Aussengrenze zu \u00fcberwachen. Rettungsmissionen, also genau das was n\u00f6tig und gefordert w\u00e4re, um das Sterben auf dem Mittelmeer zu beenden, hat trotz Multimillionenbudget kaum Platz: Der Zust\u00e4ndigkeitsbereich von Frontex ist strikt auf 24 Seemeilen vor den europ\u00e4ischen K\u00fcsten begrenzt. Frontex-Schiffe greifen nur selten ein, um Migrant:innen in Not im zentralen Mittelmeer zu helfen. N\u00f6tig w\u00e4re das, denn \u00fcber 1500 Menschen sind alleine in diesem Jahr auf dieser Route ertrunken.<\/p>\n\n\n\n<p>Die Grenzpatrouillen von Frontex beschr\u00e4nken sich weitgehend auf \u00dcberwachungsaktivit\u00e4ten, die von den Lufteinheiten der Agentur, also kleinen Flugzeugen und milit\u00e4rischen Drohnen, durchgef\u00fchrt werden. Der Einsatz von Drohnen und Flugzeugen f\u00fcr die Grenzpatrouille im zentralen Mittelmeer erm\u00f6glicht es Frontex, Kenntnisse \u00fcber die Anwesenheit von Booten in Seenot und deren Positionen zu erlangen, ohne aber Rettungsaktionen durchf\u00fchren zu m\u00fcssen. In der Praxis informiert Frontex dabei oft nur die sogenannte libysche K\u00fcstenwache und fordert sie zum Eingreifen auf \u2013 selbst wenn NGO-Schiffe oder andere Schiffe schneller und angemessener helfen k\u00f6nnten. Das f\u00fchrt dazu, dass tausende Menschen nach Libyen zur\u00fcckgebracht wurden \u2013 zur\u00fcck in Camps, Gewalt und einem kompletten Mangel an Grundrechten. Doch diese Praxis f\u00fchrt nicht nur zu gewaltt\u00e4tigen Pull- oder Pushbacks, sondern auch zu einem Anstieg von Left-To-Die-Booten. Immer wieder ertrinken ganze Boote vor den Augen von Frontex-Lufteinheiten \u2013 <a href=\"https:\/\/alarmphone.org\/en\/2021\/04\/22\/coordinating-a-maritime-disaster-up-to-130-people-drown-off-libya\/\" target=\"_blank\" rel=\"noreferrer noopener\">so zum Beispiel im April 2021, also 130 Menschen ertranken<\/a>.<\/p>\n\n\n\n<p><a href=\"https:\/\/www.hrw.org\/news\/2021\/03\/10\/frontex-turns-blind-eye-greeces-border-abuses\" target=\"_blank\" rel=\"noreferrer noopener\">Ein \u00e4hnliches Bild in der T\u00fcrkei: auch dort ist Frontex an der brutalen Abschottungspolitik beteiligt.<\/a> Die griechische K\u00fcstenwache hat dort in den letzten Jahren ein brutales, zuweilen t\u00f6dliches Pushback-Regime geschaffen \u2013 alle d\u00fcrften die Videos, Fotos und \u00fcbrigen Berichte seit M\u00e4rz 2020 in Erinnerung haben. Und auch da ist Frontex mittendrin: Diese Entwicklung findet unter den Augen und teilweise sogar unter Mithilfe von Frontex statt. Immer wieder berichten Betroffene dem Alarm Phone von Frontex-Beteiligung bei illegalen Pushbacks auf dem Wasser und an Land. Zuletzt im September 2021.<\/p>\n\n\n\n<p>Auch die Schweiz ist in dieser Region aktiv \u2013 und damit Teil dieser Politik, die mehr und mehr ein effektiver Krieg gegen Migration ist. Dagegen und F\u00dcR Bewegungsfreiheit setzen wir uns als Alarm Phone ein. Nicht nur durch unsere Telefonhotline, sondern auch mit diesem Referendum. Wir brauchen F\u00e4hren statt Frontex \u2013 wir brauchen sichere Fluchtwege anstatt militarisierte Grenzen.<\/p>\n<\/div><\/div>\n\n\n\n<p><\/p>\n","protected":false},"excerpt":{"rendered":"<p>Watch The Med Alarmphone<\/p>\n","protected":false},"author":6,"featured_media":0,"comment_status":"open","ping_status":"closed","sticky":false,"template":"","format":"standard","meta":{"inline_featured_image":false,"neve_meta_sidebar":"full-width","neve_meta_container":"full-width","neve_meta_enable_content_width":"","neve_meta_content_width":0,"neve_meta_title_alignment":"","neve_meta_author_avatar":"","neve_post_elements_order":"[\"content\",\"related-posts\"]","neve_meta_disable_header":"","neve_meta_disable_footer":"","neve_meta_disable_title":"","neve_meta_reading_time":"","_EventAllDay":false,"_EventTimezone":"","_EventStartDate":"","_EventEndDate":"","_EventStartDateUTC":"","_EventEndDateUTC":"","_EventShowMap":false,"_EventShowMapLink":false,"_EventURL":"","_EventCost":"","_EventCostDescription":"","_EventCurrencySymbol":"","_EventCurrencyCode":"","_EventCurrencyPosition":"","_EventDateTimeSeparator":"","_EventTimeRangeSeparator":"","_EventOrganizerID":[],"_EventVenueID":[],"_OrganizerEmail":"","_OrganizerPhone":"","_OrganizerWebsite":"","_VenueAddress":"","_VenueCity":"","_VenueCountry":"","_VenueProvince":"","_VenueState":"","_VenueZip":"","_VenuePhone":"","_VenueURL":"","_VenueStateProvince":"","_VenueLat":"","_VenueLng":"","_VenueShowMap":false,"_VenueShowMapLink":false,"footnotes":""},"categories":[31],"tags":[],"class_list":["post-2492","post","type-post","status-publish","format-standard","hentry","category-kommentar"],"jetpack_sharing_enabled":true,"jetpack_featured_media_url":"","_links":{"self":[{"href":"https:\/\/frontex-referendum.ch\/en\/wp-json\/wp\/v2\/posts\/2492","targetHints":{"allow":["GET"]}}],"collection":[{"href":"https:\/\/frontex-referendum.ch\/en\/wp-json\/wp\/v2\/posts"}],"about":[{"href":"https:\/\/frontex-referendum.ch\/en\/wp-json\/wp\/v2\/types\/post"}],"author":[{"embeddable":true,"href":"https:\/\/frontex-referendum.ch\/en\/wp-json\/wp\/v2\/users\/6"}],"replies":[{"embeddable":true,"href":"https:\/\/frontex-referendum.ch\/en\/wp-json\/wp\/v2\/comments?post=2492"}],"version-history":[{"count":9,"href":"https:\/\/frontex-referendum.ch\/en\/wp-json\/wp\/v2\/posts\/2492\/revisions"}],"predecessor-version":[{"id":3241,"href":"https:\/\/frontex-referendum.ch\/en\/wp-json\/wp\/v2\/posts\/2492\/revisions\/3241"}],"wp:attachment":[{"href":"https:\/\/frontex-referendum.ch\/en\/wp-json\/wp\/v2\/media?parent=2492"}],"wp:term":[{"taxonomy":"category","embeddable":true,"href":"https:\/\/frontex-referendum.ch\/en\/wp-json\/wp\/v2\/categories?post=2492"},{"taxonomy":"post_tag","embeddable":true,"href":"https:\/\/frontex-referendum.ch\/en\/wp-json\/wp\/v2\/tags?post=2492"}],"curies":[{"name":"wp","href":"https:\/\/api.w.org\/{rel}","templated":true}]}}