{"id":2330,"date":"2021-12-17T00:53:18","date_gmt":"2021-12-16T23:53:18","guid":{"rendered":"https:\/\/frontex-referendum.ch\/?p=2330"},"modified":"2021-12-17T13:37:19","modified_gmt":"2021-12-17T12:37:19","slug":"nofrontex-referendum-10000-unterschriften-sind-zu-wenig","status":"publish","type":"post","link":"https:\/\/frontex-referendum.ch\/en\/2021\/12\/17\/nofrontex-referendum-10000-unterschriften-sind-zu-wenig\/","title":{"rendered":"NoFrontex-Referendum: 10\u2019000 Unterschriften sind zu wenig!"},"content":{"rendered":"\n<div class=\"wp-block-group af-article-head\"><div class=\"wp-block-group__inner-container is-layout-flow wp-block-group-is-layout-flow\">\n<h1 class=\"has-huge-font-size wp-block-heading\">NoFrontex-Referendum: 10\u2019000 Unterschriften sind zu wenig!<\/h1>\n\n\n<div class=\"wp-block-post-date\"><time datetime=\"2021-12-17T00:53:18+01:00\">17. December 2021<\/time><\/div>\n\n\n<p class=\"has-medium-font-size\">Das Referendum gegen die europ\u00e4ische Grenzagentur Frontex ist in Fahrt, trotzdem droht es zu scheitern. Das Referendumskomitee NoFrontex schl\u00e4gt Alarm: \u00abEs braucht jetzt dringend einen solidarischen Ruck\u00bb.<\/p>\n\n\n\n<p class=\"has-medium-font-size\">Wie wichtig das Referendum ist, zeigt sich tagt\u00e4glich an den Aussengrenzen Europas, auf dem Mittelmeer oder der Balkanroute: Menschenrechtsverletzungen, illegale Pushbacks, Zusammenarbeit mit der libyschen K\u00fcstenwache \u2013&nbsp;Geld f\u00fcr Frontex bedeutet Grenzgewalt, Abschottung und Kriminalisierung von Migration.<\/p>\n<\/div><\/div>\n\n\n\n<div class=\"wp-block-group af-article-body\"><div class=\"wp-block-group__inner-container is-layout-flow wp-block-group-is-layout-flow\">\n<h2 class=\"wp-block-heading\">Jetzt erst recht: <br>Es braucht uns jetzt alle!<\/h2>\n\n\n\n<p>Das NoFrontex-Referendum wird von zahlreichen Basisgruppen in allen Regionen der Schweiz getragen. Viele Freiwillige haben sich zusammengeschlossen, fast t\u00e4glich finden Sammelaktionen statt. Auch viele Personen ohne Stimmrecht helfen mit beim Sammeln. Und trotzdem: Bisher sind erst 10\u2019000 Unterschriften eingetroffen. 10\u2019000 weitere Unterschriften d\u00fcrften auf dem Weg sein. Doch das reicht nicht und die Zeit wird knapp. Bis zum Ablauf der Referendumsfrist bleiben nur noch 35 Tage.<\/p>\n\n\n\n<p>F\u00fcr das Referendum wird unter schwierigen Bedingungen gesammelt: die Corona-Pandemie stellt eine Herausforderung dar und die Basisgruppen, die das Referendum tragen, sammeln fleissig, aber nicht gleich effektiv wie grosse Organisationen oder Parteien. Auch die finanziellen und zeitlichen Ressourcen der engagierten Basisorganisationen reichen nicht an die M\u00f6glichkeiten gr\u00f6sserer Strukturen heran.<\/p>\n\n\n\n<p>Das Referendumskomitee ruft alle solidarischen Unterst\u00fctzer:innen dazu auf, vor Jahresende Unterschriften zu Sammeln und sie nach Bern zu schicken. \u00abDas schulden wir den Menschen auf der Flucht\u00bb, so Saeed Farkhondeh vom Migrant Solidarity Network.<\/p>\n\n\n\n<h2 class=\"wp-block-heading\">An den Aussengrenzen Europas zeigt sich tagt\u00e4glich, wie wichtig das Referendum ist.<\/h2>\n\n\n\n<p>Wie wichtig das Referendum ist, zeigt sich tagt\u00e4glich an den Aussengrenzen Europas, auf dem Mittelmeer oder der Balkanroute. Dort ist Frontex verantwortlich f\u00fcr Menschenrechtsverletzungen, f\u00fchrt zahlreiche illegale Pushbacks durch oder arbeitet mit der libyschen K\u00fcstenwache zusammen. Und die Schweiz soll die Agentur mit immer mehr Geld und Personal unterst\u00fctzen? Nicht in unserem Namen!<\/p>\n\n\n\n<p>An der Pressekonferenz sprechen mehrere Aktivist*innen, die Frontex durch ihre Arbeit bei migrantisch-solidarischen Organisationen immer wieder begegnen:<\/p>\n\n\n\n<blockquote class=\"wp-block-quote is-style-large is-layout-flow wp-block-quote-is-layout-flow\"><p>\u00abUnsere Forderungen: Bewegungsfreiheit f\u00fcr alle \u2013 die Realit\u00e4t: immer mehr Z\u00e4une, Mauern und Militarisierung. Immer mehr \u00dcberwachung und zweifelhafte Kooperationen. Das Resultat: Normalisierung von gewaltt\u00e4tigen Push- und Pullbacks.\u00bb<\/p><cite>Malek Ossi | WTM Alarmphone<\/cite><\/blockquote>\n\n\n\n<blockquote class=\"wp-block-quote is-style-large is-layout-flow wp-block-quote-is-layout-flow\"><p>\u00abVor den Pushbacks kommt es oft zu Schl\u00e4gen, Warnsch\u00fcssen und Drohungen.\u00bb<\/p><cite>Bericht \u00fcber die Frontex an der albanisch-griechischen Grenze<\/cite><\/blockquote>\n\n\n\n<blockquote class=\"wp-block-quote is-style-large is-layout-flow wp-block-quote-is-layout-flow\"><p>\u00abDieses Referendum ist eine Chance, endlich Licht in die Machenschaften von Frontex zu bringen, in die Zusammenarbeit der Schweiz und in die Frage, was diese Politik der Militarisierung der Grenzen mit unserer Menschlichkeit und unserem Sinn f\u00fcr Solidarit\u00e4t macht.\u00bb<\/p><cite>Sophie Guignard | Solidarit\u00e9 sans fronti\u00e8res<\/cite><\/blockquote>\n\n\n\n<div style=\"height:100px\" aria-hidden=\"true\" class=\"wp-block-spacer af-spacer-m\"><\/div>\n\n\n\n<div class=\"wp-block-group af-box-m af-box-m--fill-dark\"><div class=\"wp-block-group__inner-container is-layout-flow wp-block-group-is-layout-flow\">\n<p class=\"af-btn-icon af-btn-icon--arrow-heavy-white\"><a href=\"https:\/\/frontex-referendum.ch\/wp-content\/uploads\/2021\/12\/Mediendossier_Dossier-de-presse_NoFrontex-2.pdf\" target=\"_blank\" rel=\"noreferrer noopener\">Mediendossier (PDF, 0.4 MB)<\/a><\/p>\n<\/div><\/div>\n\n\n\n<div style=\"height:100px\" aria-hidden=\"true\" class=\"wp-block-spacer af-spacer-s\"><\/div>\n\n\n\n<div class=\"wp-block-group af-box-m af-box-m--fill-dark\"><div class=\"wp-block-group__inner-container is-layout-flow wp-block-group-is-layout-flow\">\n<p class=\"af-btn-icon af-btn-icon--arrow-heavy-white\"><a href=\"https:\/\/frontex-referendum.ch\/take-action\/#sign\">Jetzt unterschreiben!<\/a><\/p>\n<\/div><\/div>\n<\/div><\/div>\n","protected":false},"excerpt":{"rendered":"<p>NoFrontex-Referendum: 10\u2019000 Unterschriften sind zu wenig! Das Referendum gegen die europ\u00e4ische Grenzagentur Frontex ist in Fahrt, trotzdem droht es zu scheitern. Das Referendumskomitee NoFrontex schl\u00e4gt Alarm: \u00abEs braucht jetzt dringend&hellip;&nbsp;<a href=\"https:\/\/frontex-referendum.ch\/en\/2021\/12\/17\/nofrontex-referendum-10000-unterschriften-sind-zu-wenig\/\" class=\"\" rel=\"bookmark\">Read More &raquo;<span class=\"screen-reader-text\">NoFrontex-Referendum: 10\u2019000 Unterschriften sind zu wenig!<\/span><\/a><\/p>\n","protected":false},"author":6,"featured_media":0,"comment_status":"open","ping_status":"closed","sticky":false,"template":"","format":"standard","meta":{"inline_featured_image":false,"neve_meta_sidebar":"full-width","neve_meta_container":"full-width","neve_meta_enable_content_width":"","neve_meta_content_width":0,"neve_meta_title_alignment":"","neve_meta_author_avatar":"","neve_post_elements_order":"[\"content\"]","neve_meta_disable_header":"","neve_meta_disable_footer":"","neve_meta_disable_title":"","neve_meta_reading_time":"","_EventAllDay":false,"_EventTimezone":"","_EventStartDate":"","_EventEndDate":"","_EventStartDateUTC":"","_EventEndDateUTC":"","_EventShowMap":false,"_EventShowMapLink":false,"_EventURL":"","_EventCost":"","_EventCostDescription":"","_EventCurrencySymbol":"","_EventCurrencyCode":"","_EventCurrencyPosition":"","_EventDateTimeSeparator":"","_EventTimeRangeSeparator":"","_EventOrganizerID":[],"_EventVenueID":[],"_OrganizerEmail":"","_OrganizerPhone":"","_OrganizerWebsite":"","_VenueAddress":"","_VenueCity":"","_VenueCountry":"","_VenueProvince":"","_VenueState":"","_VenueZip":"","_VenuePhone":"","_VenueURL":"","_VenueStateProvince":"","_VenueLat":"","_VenueLng":"","_VenueShowMap":false,"_VenueShowMapLink":false,"footnotes":""},"categories":[18],"tags":[],"class_list":["post-2330","post","type-post","status-publish","format-standard","hentry","category-medienmitteilung"],"jetpack_sharing_enabled":true,"jetpack_featured_media_url":"","_links":{"self":[{"href":"https:\/\/frontex-referendum.ch\/en\/wp-json\/wp\/v2\/posts\/2330","targetHints":{"allow":["GET"]}}],"collection":[{"href":"https:\/\/frontex-referendum.ch\/en\/wp-json\/wp\/v2\/posts"}],"about":[{"href":"https:\/\/frontex-referendum.ch\/en\/wp-json\/wp\/v2\/types\/post"}],"author":[{"embeddable":true,"href":"https:\/\/frontex-referendum.ch\/en\/wp-json\/wp\/v2\/users\/6"}],"replies":[{"embeddable":true,"href":"https:\/\/frontex-referendum.ch\/en\/wp-json\/wp\/v2\/comments?post=2330"}],"version-history":[{"count":11,"href":"https:\/\/frontex-referendum.ch\/en\/wp-json\/wp\/v2\/posts\/2330\/revisions"}],"predecessor-version":[{"id":2450,"href":"https:\/\/frontex-referendum.ch\/en\/wp-json\/wp\/v2\/posts\/2330\/revisions\/2450"}],"wp:attachment":[{"href":"https:\/\/frontex-referendum.ch\/en\/wp-json\/wp\/v2\/media?parent=2330"}],"wp:term":[{"taxonomy":"category","embeddable":true,"href":"https:\/\/frontex-referendum.ch\/en\/wp-json\/wp\/v2\/categories?post=2330"},{"taxonomy":"post_tag","embeddable":true,"href":"https:\/\/frontex-referendum.ch\/en\/wp-json\/wp\/v2\/tags?post=2330"}],"curies":[{"name":"wp","href":"https:\/\/api.w.org\/{rel}","templated":true}]}}