{"id":1729,"date":"2021-11-23T21:06:53","date_gmt":"2021-11-23T20:06:53","guid":{"rendered":"https:\/\/frontex-referendum.ch\/?p=1729"},"modified":"2022-01-07T22:58:00","modified_gmt":"2022-01-07T21:58:00","slug":"das-problem-an-frontex-ii","status":"publish","type":"post","link":"https:\/\/frontex-referendum.ch\/en\/2021\/11\/23\/das-problem-an-frontex-ii\/","title":{"rendered":"Frontex schliesst Grenzen f\u00fcr Menschen auf der Flucht"},"content":{"rendered":"\n<div class=\"wp-block-group af-article-head\"><div class=\"wp-block-group__inner-container is-layout-flow wp-block-group-is-layout-flow\">\n<h1 class=\"wp-block-heading\">Frontex schliesst Grenzen f\u00fcr Menschen auf der Flucht<\/h1>\n<\/div><\/div>\n\n\n\n<div class=\"wp-block-group af-article-body af-links--soft\"><div class=\"wp-block-group__inner-container is-layout-flow wp-block-group-is-layout-flow\">\n<div class=\"wp-block-group af-article-body__meta\"><div class=\"wp-block-group__inner-container is-layout-flow wp-block-group-is-layout-flow\"><div class=\"wp-block-post-date\"><time datetime=\"2021-11-23T21:06:53+01:00\">23. November 2021<\/time><\/div>\n\n\n<p>Ein Mitglied vom Migrant Solidarity Network zum Referendum gegen Frontex<\/p>\n<\/div><\/div>\n\n\n\n<figure class=\"wp-block-video\"><video height=\"1500\" style=\"aspect-ratio: 1500 \/ 1500;\" width=\"1500\" controls src=\"https:\/\/frontex-referendum.ch\/wp-content\/uploads\/2021\/11\/211113_feed_Video_Frontex_Fr-2_1.mp4\"><\/video><\/figure>\n\n\n\n<h2 class=\"visually-hidden wp-block-heading\">Transkript<\/h2>\n\n\n\n<p>Kennst du Frontex schon? Das ist die Grenzschutzagentur von Europa. Sie bewacht die europ\u00e4ische Grenze. Dazu braucht sie Grenzpolizei, Waffen und \u00dcberwachungskameras. Sie will bis im Jahr 2027 10\u2019000 Grenzpolizist:innen einsetzen und die Schweiz gibt daf\u00fcr 61 Millionen Franken an Frontex.<\/p>\n\n\n\n<p>Jeder Mensch hat das Recht, ein Asylgesuch zu stellen. Das ist ein Menschenrecht. Die Frontex schaut aber weg, wenn Menschen auf der Flucht diese Hilfe brauchen oder wenn Menschen in Europa kein Asylgesuch stellen d\u00fcrfen. Zum Beispiel, wenn die nationale Polizei von Griechenland oder Kroatien illegale Pushbacks machen. Die Polizei nimmt den Leuten auf der Flucht das Handy, Geld und Kleider weg und schlagen sie. Die Frontex schaut weg. Auch die Frontex selber ist beteiligt an illegalen Pushbacks, da sie beispielweise Boote mit gefl\u00fcchteten Menschen im Mittelmeer wieder der libyschen K\u00fcstenwache \u00fcbergibt, ohne dass die Menschen ein Asylgesuch stellen konnten.<\/p>\n\n\n\n<p>Frontex mehr Geld zu geben bedeutet, dass es mehr Gewalt an der Grenze gibt. Deshalb muss das Referendum unterst\u00fctzt werden. Wenn du das Referendum nicht unterst\u00fctzt, hilfst du automatisch Frontex und damit machst du die Grenzen f\u00fcr Menschen auf der Flucht zu.<\/p>\n<\/div><\/div>\n","protected":false},"excerpt":{"rendered":"<p>Mitglied von MSN<\/p>\n","protected":false},"author":6,"featured_media":0,"comment_status":"open","ping_status":"closed","sticky":false,"template":"","format":"standard","meta":{"inline_featured_image":false,"neve_meta_sidebar":"full-width","neve_meta_container":"full-width","neve_meta_enable_content_width":"","neve_meta_content_width":0,"neve_meta_title_alignment":"","neve_meta_author_avatar":"","neve_post_elements_order":"[\"content\",\"related-posts\"]","neve_meta_disable_header":"","neve_meta_disable_footer":"","neve_meta_disable_title":"","neve_meta_reading_time":"","_EventAllDay":false,"_EventTimezone":"","_EventStartDate":"","_EventEndDate":"","_EventStartDateUTC":"","_EventEndDateUTC":"","_EventShowMap":false,"_EventShowMapLink":false,"_EventURL":"","_EventCost":"","_EventCostDescription":"","_EventCurrencySymbol":"","_EventCurrencyCode":"","_EventCurrencyPosition":"","_EventDateTimeSeparator":"","_EventTimeRangeSeparator":"","_EventOrganizerID":[],"_EventVenueID":[],"_OrganizerEmail":"","_OrganizerPhone":"","_OrganizerWebsite":"","_VenueAddress":"","_VenueCity":"","_VenueCountry":"","_VenueProvince":"","_VenueState":"","_VenueZip":"","_VenuePhone":"","_VenueURL":"","_VenueStateProvince":"","_VenueLat":"","_VenueLng":"","_VenueShowMap":false,"_VenueShowMapLink":false,"footnotes":""},"categories":[31],"tags":[],"class_list":["post-1729","post","type-post","status-publish","format-standard","hentry","category-kommentar"],"jetpack_sharing_enabled":true,"jetpack_featured_media_url":"","_links":{"self":[{"href":"https:\/\/frontex-referendum.ch\/en\/wp-json\/wp\/v2\/posts\/1729","targetHints":{"allow":["GET"]}}],"collection":[{"href":"https:\/\/frontex-referendum.ch\/en\/wp-json\/wp\/v2\/posts"}],"about":[{"href":"https:\/\/frontex-referendum.ch\/en\/wp-json\/wp\/v2\/types\/post"}],"author":[{"embeddable":true,"href":"https:\/\/frontex-referendum.ch\/en\/wp-json\/wp\/v2\/users\/6"}],"replies":[{"embeddable":true,"href":"https:\/\/frontex-referendum.ch\/en\/wp-json\/wp\/v2\/comments?post=1729"}],"version-history":[{"count":18,"href":"https:\/\/frontex-referendum.ch\/en\/wp-json\/wp\/v2\/posts\/1729\/revisions"}],"predecessor-version":[{"id":3250,"href":"https:\/\/frontex-referendum.ch\/en\/wp-json\/wp\/v2\/posts\/1729\/revisions\/3250"}],"wp:attachment":[{"href":"https:\/\/frontex-referendum.ch\/en\/wp-json\/wp\/v2\/media?parent=1729"}],"wp:term":[{"taxonomy":"category","embeddable":true,"href":"https:\/\/frontex-referendum.ch\/en\/wp-json\/wp\/v2\/categories?post=1729"},{"taxonomy":"post_tag","embeddable":true,"href":"https:\/\/frontex-referendum.ch\/en\/wp-json\/wp\/v2\/tags?post=1729"}],"curies":[{"name":"wp","href":"https:\/\/api.w.org\/{rel}","templated":true}]}}